{"id":28747,"date":"2021-06-19T08:21:03","date_gmt":"2021-06-19T13:21:03","guid":{"rendered":"http:\/\/www.zonaroja.com.mx\/?p=28747"},"modified":"2021-06-19T08:21:05","modified_gmt":"2021-06-19T13:21:05","slug":"senalan-impactos-y-prioridades-para-la-defensa-de-derechos-humanos-en-oaxaca","status":"publish","type":"post","link":"https:\/\/zonaroja.com.mx\/?p=28747","title":{"rendered":"Se\u00f1alan impactos y prioridades para la defensa de derechos humanos en Oaxaca"},"content":{"rendered":"\n<p>Redacci\u00f3n\/Zona Roja.<\/p>\n\n\n\n<p>Oaxaca de Ju\u00e1rez, Oax., 19 de junio de 2021.- Este viernes se llev\u00f3 a cabo la presentaci\u00f3n virtual en el estado de Oaxaca del informe \u201cSituaci\u00f3n de la defensa de derechos humanos y la libre expresi\u00f3n en M\u00e9xico a partir de la pandemia de Covid-19\u201d.<\/p>\n\n\n\n<p>Ello en el marco del ciclo de conversatorios organizado por el Espacio OSC para la Protecci\u00f3n de Personas Defensoras y Periodistas, Consorcio Oaxaca, Centro para la Justicia y el Derecho Internacional (CEJIL), Red Nacional de Defensoras y Frontline Defender.<\/p>\n\n\n\n<p>Guillermo Rodr\u00edguez, de la Organizaci\u00f3n Centro para la Justicia y el Derecho Internacional, destac\u00f3 que las condiciones de riesgo para personas defensoras y periodistas se han agravado en particular en el estado de Oaxaca en el contexto de emergencia sanitaria.<\/p>\n\n\n\n<p>Se ha documentado un recrudecimiento de la violencia feminicida y la incapacidad de respuesta a esta situaci\u00f3n por parte de las instituciones responsables, se suspendieron recursos judiciales y dem\u00e1s herramientas para la defensa de la tierra y el territorio, pero los megaproyectos continuaron; se incrementaron tambi\u00e9n abusos policiales con al menos cuatro casos documentados en Oaxaca durante los primeros meses de la pandemia, expuso.<\/p>\n\n\n\n<p>Y\u00e9sica S\u00e1nchez, de la organizaci\u00f3n Consorcio Oaxaca, puso \u00e9nfasis en la impunidad que existe en los casos de delitos cometidos contra personas defensoras en Oaxaca, as\u00ed como en los casos de criminalizaci\u00f3n como el de Pablo L\u00f3pez Alavez, quien lleva m\u00e1s de 10 a\u00f1os privado arbitrariamente de la libertad.<\/p>\n\n\n\n<p>Estas situaciones se agravaron durante la pandemia frente a la suspensi\u00f3n de plazos judiciales.<\/p>\n\n\n\n<p>Se\u00f1al\u00f3 tambi\u00e9n la vulnerabilidad espec\u00edfica en la que se encuentran las mujeres defensoras quienes enfrentan riesgos diferenciados mismos que tambi\u00e9n se profundizaron en el contexto de la Covid-19 al ahondar las desigualdades, incrementarse enfermedades e impactos emocionales.<\/p>\n\n\n\n<p>Finalmente, enfatiz\u00f3 la urgencia de contar con presupuestos etiquetados para la protecci\u00f3n, acompa\u00f1amiento y garant\u00edas para las personas defensoras en Oaxaca, as\u00ed como de garantizar rendici\u00f3n de cuentas por parte de instancias responsables ante el Congreso del Estado de Oaxaca.<\/p>\n\n\n\n<p>Soledad Jarqu\u00edn, periodista, comparti\u00f3 a su vez la impunidad que existe en el caso del feminicidio de su hija Mar\u00eda del Sol Cruz Jarqu\u00edn y el papel de encubrimiento que ha jugado la Fiscal\u00eda del Estado en este sentido.<\/p>\n\n\n\n<p>Esta situaci\u00f3n se agrav\u00f3 todav\u00eda m\u00e1s en la situaci\u00f3n de la Covid-19 con la suspensi\u00f3n y posterior retraso de los plazos judiciales que a la fecha dejan el caso en la total impunidad.<\/p>\n\n\n\n<p>Lo anterior, ha conllevado a procesos de revictimizaci\u00f3n y de mayores impedimentos para el acceso a la verdad, justicia y reparaci\u00f3n de violaciones a derechos humanos, en el caso concreto del feminicidio de su hija.<\/p>\n\n\n\n<p>Neftal\u00ed Reyes, de la organizaci\u00f3n Educa, se\u00f1al\u00f3 que tienen documentado al menos 50 personas defensoras asesinadas en el actual sexenio del Gobierno Federal, de las cuales 11 de ellas pertenecen al estado de Oaxaca, sin que existan avances en las investigaciones, tal como es el caso de los cinco defensores asesinados durante el 2021 en la comunidad del Paso de la Reina, mismos que a la fecha no presentan avance alguno y tampoco se ha garantizado condiciones de seguridad para&nbsp; las comunidades que defienden el R\u00edo Verde.<\/p>\n\n\n\n<p>Por \u00faltimo, la diputada Local Magaly L\u00f3pez mencion\u00f3 diversas acciones que impuls\u00f3 en el recinto legislativo en particular dando visibilidad a casos particulares de agravios contra personas defensoras, al generar articulaci\u00f3n con sociedad civil e impulsar diversas propuestas legislativas en materia de protecci\u00f3n para personas defensoras y periodistas, entre las que destac\u00f3 la propuesta de reforma a la Ley Org\u00e1nica del Poder Ejecutivo del Estado, con el fin de que la Coordinaci\u00f3n para la Atenci\u00f3n a los Derechos Humanos est\u00e9 obligada a garantizar el cumplimiento de las medidas cautelares a favor de personas defensoras y periodistas, emitidas por organismos nacionales e internacionales de derechos humanos.<\/p>\n\n\n\n<p>Resalt\u00f3 tambi\u00e9n otra propuesta que busca reformar la ley de la Defensor\u00eda de los Derechos Humanos del Pueblo de Oaxaca con el fin de establecer un cap\u00edtulo espec\u00edfico relacionado con la emisi\u00f3n de medidas cautelares, mismo que obligar\u00eda a la Defensor\u00eda a hacer an\u00e1lisis de riesgo.<\/p>\n\n\n\n<p>Al finalizar las personas panelistas consideraron que la voluntad pol\u00edtica y el reconocimiento a su labor es el gran pendiente para garantizar la defensa de derechos humanos en Oaxaca.<\/p>\n\n\n\n<p>En este contexto se\u00f1alaron que es necesario fortalecer la organizaci\u00f3n comunitaria como mecanismo de autoprotecci\u00f3n, fortalecer las redes de denuncia y de construcci\u00f3n de alianzas entre personas defensoras y periodistas, y el impulso de protocolos de seguridad comunitarios donde haya participaci\u00f3n autoridades locales, agrarias y municipales, instruyendo dichos protocolos y normatividades dirigidas a todas las instituciones de gobierno que contemplen mecanismos de protecci\u00f3n y acceso a la administraci\u00f3n y procuraci\u00f3n de justicia.<\/p>\n\n\n\n<p>(Comunicado)<\/p>\n","protected":false},"excerpt":{"rendered":"<p>Redacci\u00f3n\/Zona Roja. Oaxaca de Ju\u00e1rez, Oax., 19 de junio de 2021.- Este viernes se llev\u00f3&hellip;<\/p>\n","protected":false},"author":2,"featured_media":28748,"comment_status":"closed","ping_status":"open","sticky":false,"template":"","format":"standard","meta":{"_lmt_disableupdate":"","_lmt_disable":"","_jetpack_memberships_contains_paid_content":false,"footnotes":""},"categories":[109,47],"tags":[1093],"class_list":["post-28747","post","type-post","status-publish","format-standard","has-post-thumbnail","hentry","category-minuto-a-minuto","category-zona-gris","tag-consorcio-para-el-dialogo-oaxaca"],"jetpack_featured_media_url":"https:\/\/zonaroja.com.mx\/wp-content\/uploads\/2021\/06\/Conversatorio-Oaxaca.jpg","jetpack_sharing_enabled":true,"_links":{"self":[{"href":"https:\/\/zonaroja.com.mx\/index.php?rest_route=\/wp\/v2\/posts\/28747","targetHints":{"allow":["GET"]}}],"collection":[{"href":"https:\/\/zonaroja.com.mx\/index.php?rest_route=\/wp\/v2\/posts"}],"about":[{"href":"https:\/\/zonaroja.com.mx\/index.php?rest_route=\/wp\/v2\/types\/post"}],"author":[{"embeddable":true,"href":"https:\/\/zonaroja.com.mx\/index.php?rest_route=\/wp\/v2\/users\/2"}],"replies":[{"embeddable":true,"href":"https:\/\/zonaroja.com.mx\/index.php?rest_route=%2Fwp%2Fv2%2Fcomments&post=28747"}],"version-history":[{"count":1,"href":"https:\/\/zonaroja.com.mx\/index.php?rest_route=\/wp\/v2\/posts\/28747\/revisions"}],"predecessor-version":[{"id":28749,"href":"https:\/\/zonaroja.com.mx\/index.php?rest_route=\/wp\/v2\/posts\/28747\/revisions\/28749"}],"wp:featuredmedia":[{"embeddable":true,"href":"https:\/\/zonaroja.com.mx\/index.php?rest_route=\/wp\/v2\/media\/28748"}],"wp:attachment":[{"href":"https:\/\/zonaroja.com.mx\/index.php?rest_route=%2Fwp%2Fv2%2Fmedia&parent=28747"}],"wp:term":[{"taxonomy":"category","embeddable":true,"href":"https:\/\/zonaroja.com.mx\/index.php?rest_route=%2Fwp%2Fv2%2Fcategories&post=28747"},{"taxonomy":"post_tag","embeddable":true,"href":"https:\/\/zonaroja.com.mx\/index.php?rest_route=%2Fwp%2Fv2%2Ftags&post=28747"}],"curies":[{"name":"wp","href":"https:\/\/api.w.org\/{rel}","templated":true}]}}