{"id":2875,"date":"2019-08-07T07:47:15","date_gmt":"2019-08-07T12:47:15","guid":{"rendered":"http:\/\/www.zonaroja.com.mx\/?p=2875"},"modified":"2019-08-07T07:47:18","modified_gmt":"2019-08-07T12:47:18","slug":"pierde-la-fiscalia-general-enesimo-caso-liberan-a-acusado-de-matar-a-profesor","status":"publish","type":"post","link":"https:\/\/zonaroja.com.mx\/?p=2875","title":{"rendered":"Pierde la Fiscal\u00eda General en\u00e9simo caso; liberan a acusado de matar a profesor"},"content":{"rendered":"\n<p>Redacci\u00f3n\/Zona\nRoja.<\/p>\n\n\n\n<p>Oaxaca de\nJu\u00e1rez, Oax., 7 de agosto de 2019.- Debido a la falta de elementos de prueba y por\npresentar la Fiscal\u00eda General del Estado de Oaxaca un falso testigo del crimen,\nun juez de control con sede en Pinotepa Nacional decret\u00f3 el auto de libertad a Arturo\nM. G., quien fue acusado de matar a un profesor de la Secci\u00f3n 22 del SNTE.<\/p>\n\n\n\n<p>\u201cEl \u00fanico testigo\nqued\u00f3 desvirtuado, carente de carente de credibilidad y contradictorio en sus\ndeclaraciones\u201d, fue parte de la resoluci\u00f3n del Poder Judicial, emitida el\npasado 4 de agosto, durante la audiencia.<\/p>\n\n\n\n<p>De acuerdo con la Carpeta de Investigaci\u00f3n\n5984\/FCOS\/JAMILTEPEC\/2019, el 21 de febrero de 2019, el profesor Guadalupe C.\nV. fue ultimado a balazos frente a los alumnos, cuando se encontraba en la\ncancha de b\u00e1squetbol de la escuela primaria \u201cBenito Ju\u00e1rez\u201d, en San Andr\u00e9s\nHuaxpaltepec.<\/p>\n\n\n\n<p>Supuestamente, ah\u00ed lleg\u00f3 el imputado a bordo de una\nmotocicleta y con un arma de fuego le realiz\u00f3 varios disparos, tras lo cual se\ndio a la fuga. <\/p>\n\n\n\n<p>El Ministerio P\u00fablico de la Fiscal\u00eda General present\u00f3 como\ntestigo del asesinato a un individuo identificado como F. M. N., pero \u00e9ste describi\u00f3\ncaracter\u00edsticas diferentes al imputado, por lo cual el juez de la causa\ndetermin\u00f3 auto de no vinculaci\u00f3n a proceso.<\/p>\n\n\n\n<p>Arturo M. G. hab\u00eda sido detenido el pasado 30 de julio\nacusado de matar a balazos al profesor de la Secci\u00f3n 22 del Sindicato Nacional\nde Trabajadores de la Educaci\u00f3n (SNTE) y procesado bajo la causa penal\n337\/2019.<\/p>\n\n\n\n<p>Tras el\nbolet\u00edn de la Fiscal\u00eda respecto de la aprehensi\u00f3n, el magisterio ya hab\u00eda\nadvertido que se movilizar\u00eda en caso de que no haya justicia plena para el\nmentor ultimado en Huaxpaltepec, municipio de la regi\u00f3n de la Costa.<\/p>\n","protected":false},"excerpt":{"rendered":"<p>Redacci\u00f3n\/Zona Roja. Oaxaca de Ju\u00e1rez, Oax., 7 de agosto de 2019.- Debido a la falta&hellip;<\/p>\n","protected":false},"author":2,"featured_media":2876,"comment_status":"closed","ping_status":"open","sticky":false,"template":"","format":"standard","meta":{"_lmt_disableupdate":"","_lmt_disable":"","_jetpack_memberships_contains_paid_content":false,"footnotes":""},"categories":[109,51],"tags":[494,493],"class_list":["post-2875","post","type-post","status-publish","format-standard","has-post-thumbnail","hentry","category-minuto-a-minuto","category-zona-roja","tag-fiscalia-general-del-estado-de-oaxaca","tag-profesor-asesinado-san-andres-huaxpaltepec"],"jetpack_featured_media_url":"https:\/\/zonaroja.com.mx\/wp-content\/uploads\/2019\/08\/muerte-profesor.jpeg","jetpack_sharing_enabled":true,"_links":{"self":[{"href":"https:\/\/zonaroja.com.mx\/index.php?rest_route=\/wp\/v2\/posts\/2875","targetHints":{"allow":["GET"]}}],"collection":[{"href":"https:\/\/zonaroja.com.mx\/index.php?rest_route=\/wp\/v2\/posts"}],"about":[{"href":"https:\/\/zonaroja.com.mx\/index.php?rest_route=\/wp\/v2\/types\/post"}],"author":[{"embeddable":true,"href":"https:\/\/zonaroja.com.mx\/index.php?rest_route=\/wp\/v2\/users\/2"}],"replies":[{"embeddable":true,"href":"https:\/\/zonaroja.com.mx\/index.php?rest_route=%2Fwp%2Fv2%2Fcomments&post=2875"}],"version-history":[{"count":1,"href":"https:\/\/zonaroja.com.mx\/index.php?rest_route=\/wp\/v2\/posts\/2875\/revisions"}],"predecessor-version":[{"id":2877,"href":"https:\/\/zonaroja.com.mx\/index.php?rest_route=\/wp\/v2\/posts\/2875\/revisions\/2877"}],"wp:featuredmedia":[{"embeddable":true,"href":"https:\/\/zonaroja.com.mx\/index.php?rest_route=\/wp\/v2\/media\/2876"}],"wp:attachment":[{"href":"https:\/\/zonaroja.com.mx\/index.php?rest_route=%2Fwp%2Fv2%2Fmedia&parent=2875"}],"wp:term":[{"taxonomy":"category","embeddable":true,"href":"https:\/\/zonaroja.com.mx\/index.php?rest_route=%2Fwp%2Fv2%2Fcategories&post=2875"},{"taxonomy":"post_tag","embeddable":true,"href":"https:\/\/zonaroja.com.mx\/index.php?rest_route=%2Fwp%2Fv2%2Ftags&post=2875"}],"curies":[{"name":"wp","href":"https:\/\/api.w.org\/{rel}","templated":true}]}}