{"id":28751,"date":"2021-06-19T12:21:24","date_gmt":"2021-06-19T17:21:24","guid":{"rendered":"https:\/\/www.zonaroja.com.mx\/?p=28751"},"modified":"2021-06-19T12:21:28","modified_gmt":"2021-06-19T17:21:28","slug":"con-alerta-rosa-y-amber-buscan-a-tres-menores-en-oaxaca-crece-lista-de-desaparecidas","status":"publish","type":"post","link":"https:\/\/zonaroja.com.mx\/?p=28751","title":{"rendered":"Con Alerta Rosa y \u00c1mber, buscan a tres menores en Oaxaca; crece lista de desaparecidas"},"content":{"rendered":"\n<p class=\"MsoNormal\">Evlin Arag\u00f3n\/Zona Roja.&nbsp;<\/p>\n\n\n\n<p class=\"MsoNormal\">Oaxaca de Ju\u00e1rez, Oax., 19 de junio.-&nbsp;Joselin, Alison Nikol y Jos\u00fae Jafeth, los tres de apellido Pineda, fueron vistos por \u00faltima vez este viernes 18 de junio en inmediaciones de la colonia Netzahualc\u00f3yotl de San Mart\u00edn Mexic\u00e1pam, agencia perteneciente al municipio de Oaxaca de Ju\u00e1rez.&nbsp;&nbsp;<\/p>\n\n\n\n<p class=\"MsoNormal\">La mayor es Joselin, con s\u00f3lo nueve a\u00f1os de edad; le sigue Josu\u00e9 Jafeth, de seis; y Alison Nikol, de un a\u00f1o y seis meses; los tres salieron de su domicilio sin que nadie se percatara de los hechos.&nbsp;<\/p>\n\n\n\n<p class=\"MsoNormal\">As\u00ed lo refiere la ficha de b\u00fasqueda con alerta Amber de Josu\u00e9 Jafeth, que pone de manifiesto que los tres hermanitos fueron vistos jugando en la calle, sin embargo, ya no regresaron a su casa, ignor\u00e1ndose su paradero, y consideran que se encuentran en riesgo de ser v\u00edctimas de la comisi\u00f3n de un delito.&nbsp;<\/p>\n\n\n\n<p class=\"MsoNormal\">En el caso de Joselin y Alison Nikol se ha activado el mecanismo de Alerta Rosa para dar su paradero.&nbsp;&nbsp;<\/p>\n\n\n\n<p class=\"MsoNormal\">M\u00c1S CASOS<\/p>\n\n\n\n<p class=\"MsoNormal\">A ello se suma la desaparici\u00f3n de Evelyne Daniela, de 15 a\u00f1os de edad, quien tambi\u00e9n fue vista por \u00faltima vez este viernes 18 de junio, en Juchit\u00e1n de Zaragoza, tal y como lo refiere la ficha emitida por la Unidad de B\u00fasqueda de Personas Desaparecidas y No Localizadas.&nbsp;&nbsp;<\/p>\n\n\n\n<p class=\"MsoNormal\">Como desde hace meses, la lista crece y se suman Fernanda Roci\u00f3, de 13 a\u00f1os; y Elizabeth, de 17, ambas desaparecidas el martes 15 de junio en Sola de Vega y Santa Cruz Xoxocotl\u00e1n, respectivamente.&nbsp;&nbsp;&nbsp;<\/p>\n\n\n\n<p class=\"MsoNormal\">Mireya Monserrat, de 13 a\u00f1os de edad, fue vista por \u00faltima vez el 12 de junio en el Barrio de la Soledad, Lagunas, localidad en donde hace un par de semanas se registr\u00f3 un feminicidio que indign\u00f3 a la poblaci\u00f3n.&nbsp;<\/p>\n\n\n\n<p class=\"MsoNormal\">Dos d\u00edas antes y sin dejar rastro de su paradero, Rosibel Vidal Mediquin y su peque\u00f1a hija Adaia, de dos a\u00f1os y seis meses, desaparecieron en inmediaciones del municipio de San Miguel Soyaltepec, ubicado en la regi\u00f3n de la Cuenca del Papaloapan.&nbsp;&nbsp;<\/p>\n\n\n\n<p class=\"MsoNormal\">Mientras que el caso de Juliette Danae, de 12 a\u00f1os de edad, se viraliz\u00f3 a trav\u00e9s de las redes sociales, debido a la labor realizada por su familia que, adem\u00e1s, acus\u00f3 a las autoridades de revictimizarlas al reportar la desaparici\u00f3n de la menor el pasado nueve de junio, en Uni\u00f3n Hidalgo.&nbsp;&nbsp;<\/p>\n\n\n\n<p class=\"MsoNormal\">Ese mismo d\u00eda, fue vista por \u00faltima vez Mar\u00eda Isabel P\u00e9rez Hern\u00e1ndez, de 44 a\u00f1os de a\u00f1os, en inmediaciones del municipio de Tlacolula de Matamoros.&nbsp;<\/p>\n\n\n\n<p class=\"MsoNormal\">Jennyfer de Jes\u00fas, de 13 a\u00f1os de edad, fue reportada como desaparecida el ocho de junio, en la colonia el Calvario, perteneciente al municipio de Teotitl\u00e1n de Flores Mag\u00f3n; mientras que un d\u00eda antes Romina Mar\u00eda, de 15 a\u00f1os de edad, fue vista por \u00faltima vez en la colonia Ejido Guadalupe Victoria, de la ciudad capital.&nbsp;&nbsp;<\/p>\n\n\n\n<p class=\"MsoNormal\">A la enorme lista se suma Adriana Monserrat, de 16 a\u00f1os, quien desapareci\u00f3 sin dejar rastro el pasado 6 de junio, en inmediaciones de la colonia Independencia, en Tlacolula de Matamoros.&nbsp;<\/p>\n\n\n\n<p class=\"MsoNormal\">Finalmente, el primer d\u00eda del mes de junio fueron reportadas como desaparecidas Lizbeth, de 15 a\u00f1os de edad; y Alejandra Karina, de 27 a\u00f1os de edad. La primera vista por \u00faltima vez en San Pedro Tututepec y la segunda en Santiago Matatl\u00e1n.&nbsp;&nbsp;<\/p>\n","protected":false},"excerpt":{"rendered":"<p>Evlin Arag\u00f3n\/Zona Roja.&nbsp; Oaxaca de Ju\u00e1rez, Oax., 19 de junio.-&nbsp;Joselin, Alison Nikol y Jos\u00fae Jafeth,&hellip;<\/p>\n","protected":false},"author":2,"featured_media":28750,"comment_status":"closed","ping_status":"open","sticky":false,"template":"","format":"standard","meta":{"_lmt_disableupdate":"","_lmt_disable":"","_jetpack_memberships_contains_paid_content":false,"footnotes":""},"categories":[109,47],"tags":[642],"class_list":["post-28751","post","type-post","status-publish","format-standard","has-post-thumbnail","hentry","category-minuto-a-minuto","category-zona-gris","tag-personas-desaparecidas-oaxaca"],"jetpack_featured_media_url":"https:\/\/zonaroja.com.mx\/wp-content\/uploads\/2021\/06\/img_7182.jpg","jetpack_sharing_enabled":true,"_links":{"self":[{"href":"https:\/\/zonaroja.com.mx\/index.php?rest_route=\/wp\/v2\/posts\/28751","targetHints":{"allow":["GET"]}}],"collection":[{"href":"https:\/\/zonaroja.com.mx\/index.php?rest_route=\/wp\/v2\/posts"}],"about":[{"href":"https:\/\/zonaroja.com.mx\/index.php?rest_route=\/wp\/v2\/types\/post"}],"author":[{"embeddable":true,"href":"https:\/\/zonaroja.com.mx\/index.php?rest_route=\/wp\/v2\/users\/2"}],"replies":[{"embeddable":true,"href":"https:\/\/zonaroja.com.mx\/index.php?rest_route=%2Fwp%2Fv2%2Fcomments&post=28751"}],"version-history":[{"count":1,"href":"https:\/\/zonaroja.com.mx\/index.php?rest_route=\/wp\/v2\/posts\/28751\/revisions"}],"predecessor-version":[{"id":28752,"href":"https:\/\/zonaroja.com.mx\/index.php?rest_route=\/wp\/v2\/posts\/28751\/revisions\/28752"}],"wp:featuredmedia":[{"embeddable":true,"href":"https:\/\/zonaroja.com.mx\/index.php?rest_route=\/wp\/v2\/media\/28750"}],"wp:attachment":[{"href":"https:\/\/zonaroja.com.mx\/index.php?rest_route=%2Fwp%2Fv2%2Fmedia&parent=28751"}],"wp:term":[{"taxonomy":"category","embeddable":true,"href":"https:\/\/zonaroja.com.mx\/index.php?rest_route=%2Fwp%2Fv2%2Fcategories&post=28751"},{"taxonomy":"post_tag","embeddable":true,"href":"https:\/\/zonaroja.com.mx\/index.php?rest_route=%2Fwp%2Fv2%2Ftags&post=28751"}],"curies":[{"name":"wp","href":"https:\/\/api.w.org\/{rel}","templated":true}]}}