{"id":28754,"date":"2021-06-20T09:00:09","date_gmt":"2021-06-20T14:00:09","guid":{"rendered":"http:\/\/www.zonaroja.com.mx\/?p=28754"},"modified":"2021-06-19T16:29:17","modified_gmt":"2021-06-19T21:29:17","slug":"reconocido-monero-dario-castillejos-se-convierte-en-librero-por-un-dia","status":"publish","type":"post","link":"https:\/\/zonaroja.com.mx\/?p=28754","title":{"rendered":"Reconocido monero Dar\u00edo Castillejos se convierte en librero por un d\u00eda"},"content":{"rendered":"\n<p>Evlin Arag\u00f3n\/Zona Roja.<\/p>\n\n\n\n<p>Oaxaca de Ju\u00e1rez, Oax., 20 de junio de 2021.- El reconocido caricaturista Dar\u00edo Castillejos hizo presencia ayer en \u00abLa Proveedora Escolar\u00bb, para convertirse en librero por un d\u00eda, compartir sus recomendaciones de libros y convivir con sus seguidores; la actividad la repetir\u00e1 este domingo.<\/p>\n\n\n\n<p>Lo anterior como parte de las actividades que realiza el establecimiento para fomentar el gusto por los libros y que va desde lecturas dirigidas a la ni\u00f1ez y presentaciones de libros, hasta la realizaci\u00f3n eventos culturales y literarios suspendidos de manera presencial debido a la pandemia.&nbsp;<\/p>\n\n\n\n<p>Durante su participaci\u00f3n de este d\u00eda, puso a la venta parte de su trabajo, el cual le ha valido amplios reconocimientos locales, nacionales e internacionales, convirti\u00e9ndolo en uno de los caricaturistas m\u00e1s destacados, en la actualidad.&nbsp;<\/p>\n\n\n\n<p>\u201cEste s\u00e1bado 19 y domingo 20 de junio nos vemos en &#8216;La Proveedora de Alcal\u00e1&#8217;, echando un ojo y recomendando algunos t\u00edtulos de su extensa librer\u00eda y desde luego echando trazos\u201d, expuso en sus redes sociales.\u00a0<\/p>\n\n\n\n<p>Desde las 10 de la ma\u00f1ana y hasta la una de la tarde, permaneci\u00f3 en las instalaciones de \u00abLa Proveedora\u00bb, ubicadas en la calle de Alcal\u00e1, en el Centro Hist\u00f3rico, en donde tambi\u00e9n estuvo presente Guillermo Quijas, director general de la editorial Almad\u00eda e impulsor de la Feria del Libro en Oaxaca.\u00a0<\/p>\n\n\n\n<p>\u201cEn plena faena hoy en &#8216;La Proveedora&#8217; de Alcal\u00e1. P\u00e1sele por sus libros favoritos. Libros y trazos para todos\u201d, indic\u00f3.\u00a0<\/p>\n\n\n\n<p>La actividad se repetir\u00e1 este domingo 20 de junio, para quienes deseen convivir con el artista y adquirir alguna de sus obras.&nbsp;<\/p>\n\n\n\n<p>Pese a la pandemia, el a\u00f1o pasado estuvo lleno de logros para Dar\u00edo Castillejos, quien fue reconocido con tres importantes premios; el primero a mediados del mes de septiembre, cuando recibi\u00f3 el segundo lugar del premio World Press Cartoon 2020, uno de los m\u00e1s importante en el mundo del humor gr\u00e1fico.<\/p>\n\n\n\n<p>Dos meses despu\u00e9s, su trabajo titulado \u201cCambio de hueso\u201d lo hizo acreedor del primer premio \u201cGolden Prize\u201d en el certamen HumoDeva en Rumania, en el que participaron cinco mil 480 caricaturistas.&nbsp;<\/p>\n\n\n\n<p>Mientras que, en diciembre, obtuvo el cuarto lugar Festival Internacional de Caricatura \u201cRicardo Rend\u00f3n\u201d, realizado en Colombia con la intenci\u00f3n de mostrar los aprendizajes que ha dejado la pandemia por Covid-19 en el mundo entero.&nbsp; Actualmente, Dar\u00edo Castillejos es presidente de Cartonclub; caricaturista de \u201cEl Imparcial\u201d de Oaxaca, Foreign Affairs y \u201cEl Chamuco\u201d; ha ganado el Premio Nacional de Periodismo en el 2012, 2014, 2015 y 2018.&nbsp;<\/p>\n","protected":false},"excerpt":{"rendered":"<p>Evlin Arag\u00f3n\/Zona Roja. Oaxaca de Ju\u00e1rez, Oax., 20 de junio de 2021.- El reconocido caricaturista&hellip;<\/p>\n","protected":false},"author":2,"featured_media":28755,"comment_status":"closed","ping_status":"open","sticky":false,"template":"","format":"standard","meta":{"_lmt_disableupdate":"","_lmt_disable":"","_jetpack_memberships_contains_paid_content":false,"footnotes":""},"categories":[109,46],"tags":[2185],"class_list":["post-28754","post","type-post","status-publish","format-standard","has-post-thumbnail","hentry","category-minuto-a-minuto","category-zona-blanca","tag-caricaturista-dario-castillejos"],"jetpack_featured_media_url":"https:\/\/zonaroja.com.mx\/wp-content\/uploads\/2021\/06\/Dario-Castillejos.jpg","jetpack_sharing_enabled":true,"_links":{"self":[{"href":"https:\/\/zonaroja.com.mx\/index.php?rest_route=\/wp\/v2\/posts\/28754","targetHints":{"allow":["GET"]}}],"collection":[{"href":"https:\/\/zonaroja.com.mx\/index.php?rest_route=\/wp\/v2\/posts"}],"about":[{"href":"https:\/\/zonaroja.com.mx\/index.php?rest_route=\/wp\/v2\/types\/post"}],"author":[{"embeddable":true,"href":"https:\/\/zonaroja.com.mx\/index.php?rest_route=\/wp\/v2\/users\/2"}],"replies":[{"embeddable":true,"href":"https:\/\/zonaroja.com.mx\/index.php?rest_route=%2Fwp%2Fv2%2Fcomments&post=28754"}],"version-history":[{"count":2,"href":"https:\/\/zonaroja.com.mx\/index.php?rest_route=\/wp\/v2\/posts\/28754\/revisions"}],"predecessor-version":[{"id":28757,"href":"https:\/\/zonaroja.com.mx\/index.php?rest_route=\/wp\/v2\/posts\/28754\/revisions\/28757"}],"wp:featuredmedia":[{"embeddable":true,"href":"https:\/\/zonaroja.com.mx\/index.php?rest_route=\/wp\/v2\/media\/28755"}],"wp:attachment":[{"href":"https:\/\/zonaroja.com.mx\/index.php?rest_route=%2Fwp%2Fv2%2Fmedia&parent=28754"}],"wp:term":[{"taxonomy":"category","embeddable":true,"href":"https:\/\/zonaroja.com.mx\/index.php?rest_route=%2Fwp%2Fv2%2Fcategories&post=28754"},{"taxonomy":"post_tag","embeddable":true,"href":"https:\/\/zonaroja.com.mx\/index.php?rest_route=%2Fwp%2Fv2%2Ftags&post=28754"}],"curies":[{"name":"wp","href":"https:\/\/api.w.org\/{rel}","templated":true}]}}