{"id":28758,"date":"2021-06-19T17:12:03","date_gmt":"2021-06-19T22:12:03","guid":{"rendered":"http:\/\/www.zonaroja.com.mx\/?p=28758"},"modified":"2021-06-19T17:12:07","modified_gmt":"2021-06-19T22:12:07","slug":"acusan-negligencia-de-autoridades-responsable-del-asesinato-de-periodista-en-oaxaca","status":"publish","type":"post","link":"https:\/\/zonaroja.com.mx\/?p=28758","title":{"rendered":"Acusan negligencia de autoridades responsable del asesinato de periodista en Oaxaca"},"content":{"rendered":"\n<p>Evlin Arag\u00f3n\/Zona Roja.<\/p>\n\n\n\n<p>Oaxaca de Ju\u00e1rez, Oax., 19 de junio de 2021.- La Asociaci\u00f3n Mexicana de Periodistas Desplazados y Agredidos asegur\u00f3 que fue la negligencia criminal por parte de las autoridades de la Secretar\u00eda de Gobernaci\u00f3n (Segob), la que deriv\u00f3 en el reciente asesinato del periodista oaxaque\u00f1o, Gustavo S\u00e1nchez Cabrera.<\/p>\n\n\n\n<p>As\u00ed lo dio a conocer Gildo Garza, periodista y defensor de derechos humanos, quien asegur\u00f3 que el Mecanismo de Protecci\u00f3n a Personas Defensoras de Derechos Humanos y Periodistas en M\u00e9xico es indolente ante la violencia que se vive en el pa\u00eds, toda vez que S\u00e1nchez Cabrera ya hab\u00eda denunciado amenazas y ataques armados en su contra, que pon\u00edan en riesgo su vida.&nbsp;<\/p>\n\n\n\n<p>En un video que comparti\u00f3 en sus redes sociales, explic\u00f3 que Gustavo ten\u00eda medidas endebles desde el 2017; sin embargo, las autoridades no le dieron seguimiento al caso, ni siquiera comprobaron si la empresa encargada de brindarle atenci\u00f3n y seguridad segu\u00eda realizando su trabajo.<\/p>\n\n\n\n<p>El defensor evidenci\u00f3 que fue hasta mayo pasado que le ofrecieron un chaleco antibalas y protecci\u00f3n del Estado, a pesar de que hab\u00eda sido v\u00edctima de un ataque armado desde 2019, medidas que no llegaron a tiempo para salvarlo del tr\u00e1gico final que tuvo el pasado 17 de junio en Morro Mazat\u00e1n, Tehuantepec, donde fue acribillado.&nbsp;<\/p>\n\n\n\n<p>\u201cEl 16 de junio fue el \u00faltimo correo que recibi\u00f3 por parte del Mecanismo de Protecci\u00f3n a Personas Defensoras de Derechos Humanos y Periodistas en M\u00e9xico dici\u00e9ndole ya merito llegamos y un d\u00eda a despu\u00e9s fue asesinado a tiros enfrente de su hijo\u201d, se\u00f1al\u00f3.<\/p>\n\n\n\n<figure class=\"wp-block-embed-twitter wp-block-embed is-type-rich is-provider-twitter\"><div class=\"wp-block-embed__wrapper\">\n<div class=\"twitter-tweet\"><blockquote class=\"twitter-tweet\" data-lang=\"es\"><p lang=\"es\" dir=\"ltr\">Comunicadores como Gildo Garza (<a href=\"https:\/\/twitter.com\/GildoGarzaMx?ref_src=twsrc%5Etfw\">@GildoGarzaMx<\/a>), agremiados en Periodistas Desplazados y Agredidos A. C., denunciaron el grave riesgo en que se encuentra la familia de Gustavo S\u00e1nchez Cabrera, asesinado el pasado jueves en Morro Mazat\u00e1n, Santo Domingo Tehuantepec, Oaxaca. <a href=\"https:\/\/t.co\/HrEkKY8O9W\">pic.twitter.com\/HrEkKY8O9W<\/a><\/p>&mdash; Zona Roja Oaxaca (@Zona_Roja_Oax) <a href=\"https:\/\/twitter.com\/Zona_Roja_Oax\/status\/1406361007124058114?ref_src=twsrc%5Etfw\">19 de junio de 2021<\/a><\/blockquote><\/div>\n<\/div><\/figure>\n\n\n\n<p>Tambi\u00e9n asegur\u00f3 que el hijo del periodista asesinado, de s\u00f3lo 15 a\u00f1os de edad, se encuentra amenazado tras ser testigo de la muerte de su padre, lo cual indic\u00f3 es sumamente grave y doloroso para la familia que ni siquiera puede vivir su duelo en paz.&nbsp;<\/p>\n\n\n\n<p>\u201cCu\u00e1ntos periodistas m\u00e1s, cu\u00e1ntas familias m\u00e1s tienen que morir para que, lo que dicta la ley, se cumpla y se acorten los tiempos burocr\u00e1ticos; que realmente se cumplan las medidas de protecci\u00f3n en M\u00e9xico en menos de 72 horas\u201d, cuestion\u00f3.&nbsp;&nbsp;<\/p>\n\n\n\n<p>Por lo anterior, anunci\u00f3 que buscaran fincar responsabilidades administrativas y judiciales ante la clara negligencia cometida por las autoridades encargadas de proteger y salvaguardar la integridad de periodistas y defensores de derechos humano.&nbsp;<\/p>\n\n\n\n<p>Finalmente, a nombre de la Asociaci\u00f3n Mexicana de Periodistas Desplazados y Agredidos exigi\u00f3 al Mecanismo de Protecci\u00f3n de la Secretar\u00eda de Gobernaci\u00f3n que gestione o extraiga a la familia de Gustavo S\u00e1nchez Cabrera ya que el hijo del periodista, menor de edad y que presenci\u00f3 la muerte de su padre, ya fue amenazado.<\/p>\n\n\n\n<p>Lo anterior cumpliendo con la normatividad internacional que considera la atenci\u00f3n de las v\u00edctimas y sus deudos, quienes en este caso tambi\u00e9n se encuentran en situaci\u00f3n de riesgo, en estos momentos.&nbsp;<\/p>\n","protected":false},"excerpt":{"rendered":"<p>Evlin Arag\u00f3n\/Zona Roja. Oaxaca de Ju\u00e1rez, Oax., 19 de junio de 2021.- La Asociaci\u00f3n Mexicana&hellip;<\/p>\n","protected":false},"author":2,"featured_media":28759,"comment_status":"closed","ping_status":"open","sticky":false,"template":"","format":"standard","meta":{"_lmt_disableupdate":"","_lmt_disable":"","_jetpack_memberships_contains_paid_content":false,"footnotes":""},"categories":[109,47],"tags":[2749],"class_list":["post-28758","post","type-post","status-publish","format-standard","has-post-thumbnail","hentry","category-minuto-a-minuto","category-zona-gris","tag-gustavo-sanchez-cabrera-periodista"],"jetpack_featured_media_url":"https:\/\/zonaroja.com.mx\/wp-content\/uploads\/2021\/06\/Hijos-de-Gustavo-Sanchez.jpg","jetpack_sharing_enabled":true,"_links":{"self":[{"href":"https:\/\/zonaroja.com.mx\/index.php?rest_route=\/wp\/v2\/posts\/28758","targetHints":{"allow":["GET"]}}],"collection":[{"href":"https:\/\/zonaroja.com.mx\/index.php?rest_route=\/wp\/v2\/posts"}],"about":[{"href":"https:\/\/zonaroja.com.mx\/index.php?rest_route=\/wp\/v2\/types\/post"}],"author":[{"embeddable":true,"href":"https:\/\/zonaroja.com.mx\/index.php?rest_route=\/wp\/v2\/users\/2"}],"replies":[{"embeddable":true,"href":"https:\/\/zonaroja.com.mx\/index.php?rest_route=%2Fwp%2Fv2%2Fcomments&post=28758"}],"version-history":[{"count":1,"href":"https:\/\/zonaroja.com.mx\/index.php?rest_route=\/wp\/v2\/posts\/28758\/revisions"}],"predecessor-version":[{"id":28760,"href":"https:\/\/zonaroja.com.mx\/index.php?rest_route=\/wp\/v2\/posts\/28758\/revisions\/28760"}],"wp:featuredmedia":[{"embeddable":true,"href":"https:\/\/zonaroja.com.mx\/index.php?rest_route=\/wp\/v2\/media\/28759"}],"wp:attachment":[{"href":"https:\/\/zonaroja.com.mx\/index.php?rest_route=%2Fwp%2Fv2%2Fmedia&parent=28758"}],"wp:term":[{"taxonomy":"category","embeddable":true,"href":"https:\/\/zonaroja.com.mx\/index.php?rest_route=%2Fwp%2Fv2%2Fcategories&post=28758"},{"taxonomy":"post_tag","embeddable":true,"href":"https:\/\/zonaroja.com.mx\/index.php?rest_route=%2Fwp%2Fv2%2Ftags&post=28758"}],"curies":[{"name":"wp","href":"https:\/\/api.w.org\/{rel}","templated":true}]}}