{"id":28767,"date":"2021-06-19T17:43:23","date_gmt":"2021-06-19T22:43:23","guid":{"rendered":"http:\/\/www.zonaroja.com.mx\/?p=28767"},"modified":"2021-06-19T17:43:26","modified_gmt":"2021-06-19T22:43:26","slug":"opinion-pena-nieto-gabino-cue-y-la-represion-al-magisterio-en-nochixtlan","status":"publish","type":"post","link":"https:\/\/zonaroja.com.mx\/?p=28767","title":{"rendered":"Opini\u00f3n. Pe\u00f1a Nieto, Gabino Cu\u00e9 y la represi\u00f3n al magisterio en Nochixtl\u00e1n"},"content":{"rendered":"\n<p>Efra\u00edn Solano Alinarez*<\/p>\n\n\n\n<p>Despu\u00e9s de constituirse el Movimiento de Regeneraci\u00f3n Nacional, Andr\u00e9s Manuel L\u00f3pez Obrador innov\u00f3 una nueva m\u00edstica para el activismo electoral.<\/p>\n\n\n\n<p>En Oaxaca, en el 2016 habr\u00edan de celebrarse las elecciones para renovar las presidencias municipales que se rigen bajo el sistema de partidos pol\u00edticos, el Congreso local, as\u00ed como la gubernatura.&nbsp;<\/p>\n\n\n\n<p>Unos a\u00f1os antes. Flavio Sosa y C\u00e9sar Mateos nos hab\u00edan invitado, junto con otros compa\u00f1eros, a integrarnos a Comuna.<\/p>\n\n\n\n<p>En esas circunstancias la organizaci\u00f3n nos asign\u00f3, con las compa\u00f1eras Itayee Cruz Guevara y Concepci\u00f3n Santos P\u00e9rez, la tarea de constituir Morena en la Mixteca Alta y particularmente en Nochixtl\u00e1n.<\/p>\n\n\n\n<p>Posteriormente Itayee, en las elecciones de 2016, ser\u00eda la candidata de Morena a la presidencia municipal en Asunci\u00f3n Nochixtl\u00e1n.<\/p>\n\n\n\n<p>Esa tarea se inici\u00f3 en noviembre de 2015 y de acuerdo a las instrucciones de Andr\u00e9s Manuel L\u00f3pez Obrador, recorrimos todos los municipios de esa regi\u00f3n entregando el peri\u00f3dico \u201cRegeneraci\u00f3n\u201d.<\/p>\n\n\n\n<p>En el caso concreto de Nochixtl\u00e1n, recuerdo perfectamente que el equipo de Itayee y Cony, caminaron casa por casa las 16 agencias municipales y sus barrios, d\u00e1ndole la vuelta tres veces en un periodo de ocho meses.<\/p>\n\n\n\n<p>En ese periodo de tiempo pr\u00e1cticamente me mud\u00e9 a esa parte de la Mixteca y tuve la oportunidad de conocer nuevas comunidades y de cosechar extraordinarios amigos que a\u00fan conservo hasta el d\u00eda de hoy.<\/p>\n\n\n\n<p>No termina uno de aprender, adem\u00e1s de conocer sobre la excelente gastronom\u00eda de esos lugares, viv\u00ed su cultura y ratifiqu\u00e9 una vez m\u00e1s la gran solidaridad y el esp\u00edritu de colectividad que en nuestros pueblos imperan.<\/p>\n\n\n\n<p>En esa jornada de trabajo partidista, me toc\u00f3 ser parte del equipo que organiz\u00f3 la visita de Andr\u00e9s Manuel a Nochixtl\u00e1n que, en ese entonces, en apoyo a los candidatos a las presidencias municipales y al candidato a gobernador, visitar\u00eda los 153 Municipios que se rigen bajo el sistema de partidos pol\u00edticos.<\/p>\n\n\n\n<p>En este contexto es que conozco todas las agencias municipales, colonias y barrios de Asunci\u00f3n Nochixtl\u00e1n, donde no me parece exagerado reiterar las diversas relaciones, sobre todo pol\u00edticas, que me honra tener por esta experiencia, y que sin duda hasta el d\u00eda de hoy seguimos aportando desde nuestras diversas trincheras.<\/p>\n\n\n\n<p>Pero tambi\u00e9n destaco que a la par, por esos meses en el Congreso federal se hab\u00eda aprobado la Iniciativa de uno de los presidentes de la Rep\u00fablica m\u00e1s corruptos; esta iniciativa era la llamada Reforma Educativa, que en el fondo lo que buscaba era privatizar la educaci\u00f3n y desarticular al movimiento magisterial.<\/p>\n\n\n\n<p>Las elecciones constitucionales en Oaxaca se celebraron el 5 de junio con los resultados por todos ya sabidos, siguiendo, el estado era un polvor\u00edn en parte porque el movimiento magisterial con el apoyo de grandes sectores de la sociedad, ten\u00edan instalados bloqueos en las ocho regiones del estado, mi presencia en la zona de igual manera sirvi\u00f3, para estrechar los lazos de amistad con maestros de la combativa Secci\u00f3n 22.<\/p>\n\n\n\n<p>Posterior al d\u00eda de la elecci\u00f3n, los bloqueos y las movilizaciones se intensificaron, la situaci\u00f3n era tensa, el gobierno represor de Pe\u00f1a Nieto amenazaba con desalojar a los manifestantes por la fuerza.<\/p>\n\n\n\n<p>Aprovechando el uso de una herramienta que es el WhatsApp, creamos un grupo que nos sirviera para intercambio de informaci\u00f3n, as\u00ed fue como tuvimos contacto de primera mano con los compa\u00f1eros de las diferentes regiones del estado.<\/p>\n\n\n\n<p>En la noche del d\u00eda jueves 16 de junio, la gente que estaba en la barricada en el puente de Nochixtl\u00e1n, nos informa de la llegada de varios veh\u00edculos a dos conocidos hoteles ubicados a unos 400 metros del pante\u00f3n.<\/p>\n\n\n\n<p>Al d\u00eda siguiente, los mismos compa\u00f1eros nos informaban de la salida de camionetas blancas que iban con direcci\u00f3n al camino que conduce a San Pedro Quiltongo, veh\u00edculos que de forma misteriosa desaparec\u00edan en el llamado r\u00edo \u201cEl Moral\u201d.<\/p>\n\n\n\n<p>Fue intensa la jornada esa noche por tantos veh\u00edculos que sal\u00edan de ese lugar. En esos d\u00edas y con esa informaci\u00f3n, estuve tuiteando, dando los pormenores con fotos y videos de la presencia de convoyes del Ej\u00e9rcito y de la Polic\u00eda Federal en varios puntos del eEstado.<\/p>\n\n\n\n<p>Estos tuits sirvieron como referencia al prestigiado periodista Julio Astillero y la informaci\u00f3n que conserv\u00e9 en mi celular fue motivo de dos reportajes que public\u00f3 la revista \u201cProceso\u201d bajo la firma de Arturo Rodr\u00edguez, pues fue informaci\u00f3n de primera mano.<\/p>\n\n\n\n<p>As\u00ed mismo estuve tuiteando de los desalojos que realizaba la polic\u00eda y el Ej\u00e9rcito en Zanatepec, Juchit\u00e1n, Ixtepec y Salina Cruz, recuerdo perfectamente que no entraron a Tehuantepec.<\/p>\n\n\n\n<p>La noche del s\u00e1bado 18 de junio, fue incesante la informaci\u00f3n de los compa\u00f1eros de Nochixtl\u00e1n que informaban de un inusual movimiento de veh\u00edculos donde dos noches antes misteriosamente desaparec\u00edan.<\/p>\n\n\n\n<p>Hab\u00edan pasado ya dos semanas exactas de la elecci\u00f3n, era 19 de junio de 2016 y tal cual nos hab\u00edamos comprometido con las personas visitadas en semanas anteriores que fueren cual fueren los resultados, regresar\u00edamos.<\/p>\n\n\n\n<p>En acuerdo conjunto con la compa\u00f1era Itayee Cruz Guevara de vernos a las seis de la ma\u00f1ana frente al ADO e iniciar con otros compa\u00f1eros de Nochixtl\u00e1n el nuevo recorrido, por lo que quienes nos encontr\u00e1bamos en Oaxaca nos enfilamos con direcci\u00f3n a Nochixtl\u00e1n, recordando que en el trayecto a la altura de Santa Rosa nos rebasaron los primeros autobuses con uniformados, m\u00e1s adelante aproximadamente a un kil\u00f3metro de la entrada a la autopista vimos al menos tres veh\u00edculos militares al lado de una camioneta en llamas, quise tomar algunas fotograf\u00edas, pero con gritos me lo impidieron.<\/p>\n\n\n\n<p>Seguimos avanzando y al llegar a la caseta de Huitzo, aun identific\u00e1ndonos, el Ej\u00e9rcito nos impidi\u00f3 el paso y nos oblig\u00f3 a regresar; vimos la llegada de al menos seis autobuses m\u00e1s con uniformados, en esos momentos en el grupo de WhatsApp que hab\u00eda creado, empiezan a llegar llamados de auxilio de los compa\u00f1eros que estaban en el puente de Nochixtl\u00e1n.<\/p>\n\n\n\n<p>Al seguir avanzando ahora ya de regreso hacia la ciudad de Oaxaca, la camioneta que minutos antes estaba en llamas, estaba ya totalmente consumida, en el camino seguimos encontrando veh\u00edculos militares que estaban circulando en sentido contrario, en el camino segu\u00edan llegando mensajes que ahora eran de coraje y de ira, pues la polic\u00eda y el Ej\u00e9rcito hab\u00edan llegado a desalojar de manera violenta y artera, usando armas de alto calibre a un indefenso grupo de no m\u00e1s de 100 manifestantes.<\/p>\n\n\n\n<p>En el grupo empezaron a circular las primeras im\u00e1genes de los compa\u00f1eros heridos y de los primeros compa\u00f1eros ca\u00eddos, im\u00e1genes que con el tiempo se difundieron profusamente en todos los medios.<\/p>\n\n\n\n<p>Toda la brutalidad, la crueldad y el salvajismo con que act\u00fao el Ej\u00e9rcito y la polic\u00eda federal y estatal est\u00e1 sobradamente informada.<\/p>\n\n\n\n<p>En la autopista Oaxaca-Nochixtl\u00e1n, unos dos kil\u00f3metros antes de llegar al puente a mano derecha, vi una brecha de reciente apertura, deduzco que ese fue el camino que utiliz\u00f3 la Polic\u00eda Federal y el Ej\u00e9rcito y tal vez la Polic\u00eda Estatal que tres noches antes habr\u00edan salido de los hoteles mencionados para acuartelarse en alguna casa del paraje \u201cEl Moral\u201d.<\/p>\n\n\n\n<p>Cuando platiqu\u00e9 con Arturo Peimbert, defensor de los Derechos Humanos del Pueblo de Oaxaca, quien tambi\u00e9n inmediatamente reprob\u00f3 los hechos, coincidi\u00f3 conmigo, cosa que muchos no entienden, que en las tragedias el esp\u00edritu solidario y colectivo de los pueblos originarios siempre salen a flote.<\/p>\n\n\n\n<p>Eso fue lo que ocurri\u00f3 ese d\u00eda 19 de junio y esa es la explicaci\u00f3n de porqu\u00e9 de manera espont\u00e1nea llegaron muchos contingentes en peque\u00f1os grupos de las comunidades aleda\u00f1as con medicamentos, v\u00edveres y uno que otro garrote.<\/p>\n\n\n\n<p>En la noche, el gobernador Gabino Cu\u00e9 Monteagudo, ofreci\u00f3 una conferencia de prensa e intent\u00f3 justificar tan salvaje acci\u00f3n aduciendo que hab\u00edan sido las organizaciones quienes hab\u00edan provocado el caos, y entre estas mencion\u00f3 que estaban los compa\u00f1eros del FPR, del MULT, el FALP y mi organizaci\u00f3n Comuna.<\/p>\n\n\n\n<p>Recordando tambi\u00e9n que el \u00fanico servidor p\u00fablico de toma de decisi\u00f3n de ese gobierno que no se cuadr\u00f3 a lo dicho por el gobernador, fue mi entra\u00f1able amigo y compa\u00f1ero Adelfo Regino, quien consecuentemente con la lucha social, renunci\u00f3 a su cargo de secretario de Asuntos Ind\u00edgenas en ese entonces y se pronunci\u00f3 en contra de la salvaje represi\u00f3n y en favor de los pueblos y del magisterio.<\/p>\n\n\n\n<p>Desde antes ya ten\u00edamos diferendos con el gobernador por el decreto educativo. Ese d\u00eda dej\u00f3 de ser nuestro aliado, yo segu\u00ed y sigo visitando Nochixtl\u00e1n, a la regi\u00f3n y a mis compa\u00f1eros de lucha.<\/p>\n\n\n\n<p>Posterior a esos eventos, fue inseguro caminar por esos lugares pues constantemente me siguieron veh\u00edculos sospechosos, lo cual oportunamente estuve denunciando.<\/p>\n\n\n\n<p>No tengo la talla para pensar que eran los servicios secretos del Estado que me estuvieran siguiendo, m\u00e1s bien pienso que era el Gobierno del Estado, tal vez por instrucciones del entonces gobernador.<\/p>\n\n\n\n<p>Me atrev\u00ed a escribir esta cr\u00f3nica porque como dicen en mi pueblo; \u201c\u2026pero hay un Dios\u201d y hoy veo en varios portales la triste figura de un ex gobernador que comparece ante la Fiscal\u00eda General de la Republica triste y cansado.<\/p>\n\n\n\n<p>Un ex gobernador que le dio flojera gobernar y ejercer la responsabilidad que le hab\u00eda otorgado la ciudadan\u00eda deleg\u00e1ndola en otro personaje que no tiene caso ni siquiera mencionar su nombre.<\/p>\n\n\n\n<p>*Activista y luchador social; fundador de la organizaci\u00f3n Unir.<\/p>\n","protected":false},"excerpt":{"rendered":"<p>Efra\u00edn Solano Alinarez* Despu\u00e9s de constituirse el Movimiento de Regeneraci\u00f3n Nacional, Andr\u00e9s Manuel L\u00f3pez Obrador&hellip;<\/p>\n","protected":false},"author":2,"featured_media":28768,"comment_status":"closed","ping_status":"open","sticky":false,"template":"","format":"standard","meta":{"_lmt_disableupdate":"","_lmt_disable":"","_jetpack_memberships_contains_paid_content":false,"footnotes":""},"categories":[456,109],"tags":[1137],"class_list":["post-28767","post","type-post","status-publish","format-standard","has-post-thumbnail","hentry","category-columna","category-minuto-a-minuto","tag-efrain-solano-alinarez"],"jetpack_featured_media_url":"https:\/\/zonaroja.com.mx\/wp-content\/uploads\/2021\/06\/Victimas-Nochixtlan.jpg","jetpack_sharing_enabled":true,"_links":{"self":[{"href":"https:\/\/zonaroja.com.mx\/index.php?rest_route=\/wp\/v2\/posts\/28767","targetHints":{"allow":["GET"]}}],"collection":[{"href":"https:\/\/zonaroja.com.mx\/index.php?rest_route=\/wp\/v2\/posts"}],"about":[{"href":"https:\/\/zonaroja.com.mx\/index.php?rest_route=\/wp\/v2\/types\/post"}],"author":[{"embeddable":true,"href":"https:\/\/zonaroja.com.mx\/index.php?rest_route=\/wp\/v2\/users\/2"}],"replies":[{"embeddable":true,"href":"https:\/\/zonaroja.com.mx\/index.php?rest_route=%2Fwp%2Fv2%2Fcomments&post=28767"}],"version-history":[{"count":1,"href":"https:\/\/zonaroja.com.mx\/index.php?rest_route=\/wp\/v2\/posts\/28767\/revisions"}],"predecessor-version":[{"id":28769,"href":"https:\/\/zonaroja.com.mx\/index.php?rest_route=\/wp\/v2\/posts\/28767\/revisions\/28769"}],"wp:featuredmedia":[{"embeddable":true,"href":"https:\/\/zonaroja.com.mx\/index.php?rest_route=\/wp\/v2\/media\/28768"}],"wp:attachment":[{"href":"https:\/\/zonaroja.com.mx\/index.php?rest_route=%2Fwp%2Fv2%2Fmedia&parent=28767"}],"wp:term":[{"taxonomy":"category","embeddable":true,"href":"https:\/\/zonaroja.com.mx\/index.php?rest_route=%2Fwp%2Fv2%2Fcategories&post=28767"},{"taxonomy":"post_tag","embeddable":true,"href":"https:\/\/zonaroja.com.mx\/index.php?rest_route=%2Fwp%2Fv2%2Ftags&post=28767"}],"curies":[{"name":"wp","href":"https:\/\/api.w.org\/{rel}","templated":true}]}}