{"id":28772,"date":"2021-06-20T07:37:32","date_gmt":"2021-06-20T12:37:32","guid":{"rendered":"http:\/\/www.zonaroja.com.mx\/?p=28772"},"modified":"2021-06-20T07:37:35","modified_gmt":"2021-06-20T12:37:35","slug":"ejecutan-a-individuo-en-juchitan-de-zaragoza-oaxaca","status":"publish","type":"post","link":"https:\/\/zonaroja.com.mx\/?p=28772","title":{"rendered":"Ejecutan a individuo en Juchit\u00e1n de Zaragoza, Oaxaca"},"content":{"rendered":"\n<p>Redacci\u00f3n\/Zona Roja.<\/p>\n\n\n\n<p>Oaxaca de Ju\u00e1rez, Oax., 20 de junio de 2021.- De varios impactos de arma de fuego fue ultimado un individuo la noche de este s\u00e1bado en Juchit\u00e1n de Zaragoza, Oaxaca.<\/p>\n\n\n\n<p>El crimen se perpetr\u00f3 a la entrada de la colonia Gustavo Pineda de la Cruz, cerca del campo de calidra, donde fue localizado el cad\u00e1ver de una persona del sexo masculino.<\/p>\n\n\n\n<p>La v\u00edctima fue identificada de manera preliminar como Cristian Aquino, de 31 a\u00f1os de edad, con domicilio en la colonia V\u00edctor Yodo, y quien presuntamente cuenta con antecedentes penales.<\/p>\n\n\n\n<p>Personal de la Vicefiscal\u00eda Regional del Istmo realiz\u00f3 las labores periciales correspondientes y tras lo cual orden\u00f3 el levantamiento del cuerpo. Hasta el momento no hay ning\u00fan indicio del o los probables autores del asesinato.<\/p>\n","protected":false},"excerpt":{"rendered":"<p>Redacci\u00f3n\/Zona Roja. Oaxaca de Ju\u00e1rez, Oax., 20 de junio de 2021.- De varios impactos de&hellip;<\/p>\n","protected":false},"author":2,"featured_media":7500,"comment_status":"closed","ping_status":"open","sticky":false,"template":"","format":"standard","meta":{"_lmt_disableupdate":"","_lmt_disable":"","_jetpack_memberships_contains_paid_content":false,"footnotes":""},"categories":[109,51],"tags":[123],"class_list":["post-28772","post","type-post","status-publish","format-standard","has-post-thumbnail","hentry","category-minuto-a-minuto","category-zona-roja","tag-juchitan-de-zaragoza"],"jetpack_featured_media_url":"https:\/\/zonaroja.com.mx\/wp-content\/uploads\/2020\/01\/Escena-del-crimen5.jpg","jetpack_sharing_enabled":true,"_links":{"self":[{"href":"https:\/\/zonaroja.com.mx\/index.php?rest_route=\/wp\/v2\/posts\/28772","targetHints":{"allow":["GET"]}}],"collection":[{"href":"https:\/\/zonaroja.com.mx\/index.php?rest_route=\/wp\/v2\/posts"}],"about":[{"href":"https:\/\/zonaroja.com.mx\/index.php?rest_route=\/wp\/v2\/types\/post"}],"author":[{"embeddable":true,"href":"https:\/\/zonaroja.com.mx\/index.php?rest_route=\/wp\/v2\/users\/2"}],"replies":[{"embeddable":true,"href":"https:\/\/zonaroja.com.mx\/index.php?rest_route=%2Fwp%2Fv2%2Fcomments&post=28772"}],"version-history":[{"count":1,"href":"https:\/\/zonaroja.com.mx\/index.php?rest_route=\/wp\/v2\/posts\/28772\/revisions"}],"predecessor-version":[{"id":28773,"href":"https:\/\/zonaroja.com.mx\/index.php?rest_route=\/wp\/v2\/posts\/28772\/revisions\/28773"}],"wp:featuredmedia":[{"embeddable":true,"href":"https:\/\/zonaroja.com.mx\/index.php?rest_route=\/wp\/v2\/media\/7500"}],"wp:attachment":[{"href":"https:\/\/zonaroja.com.mx\/index.php?rest_route=%2Fwp%2Fv2%2Fmedia&parent=28772"}],"wp:term":[{"taxonomy":"category","embeddable":true,"href":"https:\/\/zonaroja.com.mx\/index.php?rest_route=%2Fwp%2Fv2%2Fcategories&post=28772"},{"taxonomy":"post_tag","embeddable":true,"href":"https:\/\/zonaroja.com.mx\/index.php?rest_route=%2Fwp%2Fv2%2Ftags&post=28772"}],"curies":[{"name":"wp","href":"https:\/\/api.w.org\/{rel}","templated":true}]}}