{"id":28776,"date":"2021-06-20T08:30:14","date_gmt":"2021-06-20T13:30:14","guid":{"rendered":"http:\/\/www.zonaroja.com.mx\/?p=28776"},"modified":"2021-06-20T09:17:53","modified_gmt":"2021-06-20T14:17:53","slug":"resurge-violencia-y-conflicto-en-disputa-por-puerto-escondido","status":"publish","type":"post","link":"https:\/\/zonaroja.com.mx\/?p=28776","title":{"rendered":"Resurge violencia y conflicto en disputa por Puerto Escondido"},"content":{"rendered":"\n<p>Ismael Garc\u00eda M.\/Zona Roja.<\/p>\n\n\n\n<p>Oaxaca de Ju\u00e1rez, Oax., 20 de junio de 2021.- El conflicto y la violencia por la disputa del destino tur\u00edstico de Puerto Escondido, resurgieron la tarde de este s\u00e1bado entre Santa Mar\u00eda Colotepec y San Pedro Mixtepec, en la regi\u00f3n Costa de Oaxaca.<\/p>\n\n\n\n<p>Ello porque, en represalia a que sujetos desconocidos derribaron una estatua de don Benito Ju\u00e1rez, en el l\u00edmite entre ambos municipios, maquinaria de Colotepec derrib\u00f3 ayer unos ba\u00f1os p\u00fablicos de Mixtepec, ubicados en la bah\u00eda principal.<\/p>\n\n\n\n<p>Tras ello, Mixtepec emiti\u00f3 un comunicado, en que acus\u00f3 a Colotepec de actos impunes y arbitrarios, al invadir lo que consideran su propiedad, \u201cy con ello transgreden la suspensi\u00f3n decretada por la Sala Constitucional del Tribunal Superior de Justicia del Estado de Oaxaca\u201d.<\/p>\n\n\n\n<p>Por ello, demand\u00f3 a las autoridades de Oaxaca que se le d\u00e9 vista la Fiscal\u00eda General del Estado para que aplique la ley y haga valer el estado de derecho contra \u201clas autoridades invasoras de Santa Mar\u00eda Colotepec\u201d.<\/p>\n\n\n\n<figure class=\"wp-block-embed-twitter wp-block-embed is-type-rich is-provider-twitter\"><div class=\"wp-block-embed__wrapper\">\n<div class=\"twitter-tweet\"><blockquote class=\"twitter-tweet\" data-lang=\"es\"><p lang=\"es\" dir=\"ltr\"><a href=\"https:\/\/twitter.com\/hashtag\/%C3%9AltimoMinuto?src=hash&amp;ref_src=twsrc%5Etfw\">#\u00daltimoMinuto<\/a> <br>Resurge el conflicto lim\u00edtrofe entre San Pedro <a href=\"https:\/\/twitter.com\/hashtag\/Mixtepec?src=hash&amp;ref_src=twsrc%5Etfw\">#Mixtepec<\/a> y Santa Mar\u00eda <a href=\"https:\/\/twitter.com\/hashtag\/Colotepec?src=hash&amp;ref_src=twsrc%5Etfw\">#Colotepec<\/a> por el destino tur\u00edstico de Puerto Escondido, <a href=\"https:\/\/twitter.com\/hashtag\/Oaxaca?src=hash&amp;ref_src=twsrc%5Etfw\">#Oaxaca<\/a>. <br>Hoy, Colotepec destruy\u00f3 un inmueble en zona de Mixtepec. <br>La <a href=\"https:\/\/twitter.com\/SEGEGO_GobOax?ref_src=twsrc%5Etfw\">@SEGEGO_GobOax<\/a> que preside <a href=\"https:\/\/twitter.com\/PacoPiza9?ref_src=twsrc%5Etfw\">@PacoPiza9<\/a>, ausente. <a href=\"https:\/\/t.co\/knMs7ysyvH\">pic.twitter.com\/knMs7ysyvH<\/a><\/p>&mdash; Zona Roja Oaxaca (@Zona_Roja_Oax) <a href=\"https:\/\/twitter.com\/Zona_Roja_Oax\/status\/1406447342425972738?ref_src=twsrc%5Etfw\">20 de junio de 2021<\/a><\/blockquote><\/div>\n<\/div><\/figure>\n\n\n\n<p>Recalc\u00f3 en su comunicado:<\/p>\n\n\n\n<p>\u201cLa jurisdicci\u00f3n de Mixtepec y Colotepec est\u00e1 ya resuelta ante los tribunales correctos; la aplicaci\u00f3n de la ley no puede esperar y con ello como autoridades debemos pugnar por el desarrollo de nuestras comunidades\u201d.<\/p>\n\n\n\n<p>Tras un bloqueo carretero de cinco d\u00edas por parte de Colotepec, el pasado 27 de abril el gobernador Alejandro Murat acudi\u00f3 a la zona para dialogar con las autoridades y propiciar un pacto de paz, el cual fue roto ayer s\u00e1bado.<\/p>\n\n\n\n<p>Ambos pueblos disputan alrededor de mil 300 hect\u00e1reas de zona en que se ubica el segundo destino de playa m\u00e1s importante de Oaxaca, Puerto Escondido.<\/p>\n","protected":false},"excerpt":{"rendered":"<p>Ismael Garc\u00eda M.\/Zona Roja. Oaxaca de Ju\u00e1rez, Oax., 20 de junio de 2021.- El conflicto&hellip;<\/p>\n","protected":false},"author":2,"featured_media":28777,"comment_status":"closed","ping_status":"open","sticky":false,"template":"","format":"standard","meta":{"_lmt_disableupdate":"","_lmt_disable":"","_jetpack_memberships_contains_paid_content":false,"footnotes":""},"categories":[109,47],"tags":[890,980],"class_list":["post-28776","post","type-post","status-publish","format-standard","has-post-thumbnail","hentry","category-minuto-a-minuto","category-zona-gris","tag-san-pedro-mixtepec","tag-santa-maria-colotepec"],"jetpack_featured_media_url":"https:\/\/zonaroja.com.mx\/wp-content\/uploads\/2021\/06\/Conflicto-Colotepec-Mixtepec.jpg","jetpack_sharing_enabled":true,"_links":{"self":[{"href":"https:\/\/zonaroja.com.mx\/index.php?rest_route=\/wp\/v2\/posts\/28776","targetHints":{"allow":["GET"]}}],"collection":[{"href":"https:\/\/zonaroja.com.mx\/index.php?rest_route=\/wp\/v2\/posts"}],"about":[{"href":"https:\/\/zonaroja.com.mx\/index.php?rest_route=\/wp\/v2\/types\/post"}],"author":[{"embeddable":true,"href":"https:\/\/zonaroja.com.mx\/index.php?rest_route=\/wp\/v2\/users\/2"}],"replies":[{"embeddable":true,"href":"https:\/\/zonaroja.com.mx\/index.php?rest_route=%2Fwp%2Fv2%2Fcomments&post=28776"}],"version-history":[{"count":2,"href":"https:\/\/zonaroja.com.mx\/index.php?rest_route=\/wp\/v2\/posts\/28776\/revisions"}],"predecessor-version":[{"id":28781,"href":"https:\/\/zonaroja.com.mx\/index.php?rest_route=\/wp\/v2\/posts\/28776\/revisions\/28781"}],"wp:featuredmedia":[{"embeddable":true,"href":"https:\/\/zonaroja.com.mx\/index.php?rest_route=\/wp\/v2\/media\/28777"}],"wp:attachment":[{"href":"https:\/\/zonaroja.com.mx\/index.php?rest_route=%2Fwp%2Fv2%2Fmedia&parent=28776"}],"wp:term":[{"taxonomy":"category","embeddable":true,"href":"https:\/\/zonaroja.com.mx\/index.php?rest_route=%2Fwp%2Fv2%2Fcategories&post=28776"},{"taxonomy":"post_tag","embeddable":true,"href":"https:\/\/zonaroja.com.mx\/index.php?rest_route=%2Fwp%2Fv2%2Ftags&post=28776"}],"curies":[{"name":"wp","href":"https:\/\/api.w.org\/{rel}","templated":true}]}}