{"id":2878,"date":"2019-08-07T10:19:16","date_gmt":"2019-08-07T15:19:16","guid":{"rendered":"http:\/\/www.zonaroja.com.mx\/?p=2878"},"modified":"2019-08-07T16:20:11","modified_gmt":"2019-08-07T21:20:11","slug":"sigue-la-ola-de-asaltos-en-oaxaca-hasta-en-a-gasolineria-del-gobierno","status":"publish","type":"post","link":"https:\/\/zonaroja.com.mx\/?p=2878","title":{"rendered":"Sigue la ola de asaltos en Oaxaca, hasta en la gasoliner\u00eda del gobierno"},"content":{"rendered":"\n<p>Redacci\u00f3n\/Zona\nRoja.<\/p>\n\n\n\n<p>Oaxaca de\nJu\u00e1rez, Oax., 7 de agosto de 2019.- Contrario a la \u201cpercepci\u00f3n medi\u00e1tica\u201d que\ntiene la Secretar\u00eda de Seguridad P\u00fablica de Oaxaca, la ola delictiva contin\u00faa\nen la entidad y ahora asaltaron hasta una gasoliner\u00eda propiedad del Gobierno\ndel Estado.<\/p>\n\n\n\n<p>Alrededor de\nlas tres de la ma\u00f1ana de este mi\u00e9rcoles, al menos dos sujetos desconocidos,\nprovistos de armas de fuego, atracaron a un despachador de la estaci\u00f3n de\nservicio del DIF estatal, que se ubica en la calzada H\u00e9roes de Chapultepec\nesquina con avenida Ju\u00e1rez, ciudad de Oaxaca.<\/p>\n\n\n\n<p>Lo anterior pese a que presuntamente hay guardia de seguridad en el establecimiento; los dos sujetos arrebataron cerca de 15 mil pesos al trabajador tras lo cual huyeron. Elementos de la Polic\u00eda Municipal efectuaron b\u00fasquedas pero sin \u00e9xito.<\/p>\n\n\n\n<figure class=\"wp-block-image\"><img decoding=\"async\" width=\"1024\" height=\"789\" src=\"http:\/\/www.zonaroja.com.mx\/wp-content\/uploads\/2019\/08\/IMG_6370-1-1024x789.jpg\" alt=\"\" class=\"wp-image-2882\" srcset=\"https:\/\/zonaroja.com.mx\/wp-content\/uploads\/2019\/08\/IMG_6370-1-1024x789.jpg 1024w, https:\/\/zonaroja.com.mx\/wp-content\/uploads\/2019\/08\/IMG_6370-1-300x231.jpg 300w, https:\/\/zonaroja.com.mx\/wp-content\/uploads\/2019\/08\/IMG_6370-1-768x591.jpg 768w, https:\/\/zonaroja.com.mx\/wp-content\/uploads\/2019\/08\/IMG_6370-1-1170x901.jpg 1170w, https:\/\/zonaroja.com.mx\/wp-content\/uploads\/2019\/08\/IMG_6370-1-585x451.jpg 585w, https:\/\/zonaroja.com.mx\/wp-content\/uploads\/2019\/08\/IMG_6370-1.jpg 1327w\" sizes=\"(max-width: 1024px) 100vw, 1024px\" \/><\/figure>\n\n\n\n<p>Asimismo,\nanoche alrededor de las 19:00 horas se report\u00f3 un asalto a Farmacias Similares,\nubicada a un costado de la carretera Internacional 190, casi en el crucero de\nla antigua sede del IEEPO.<\/p>\n\n\n\n<p>Tambi\u00e9n dos\nsujetos amagaron con armas de fuego a los empleados y se llevaron al menos dos\nmil pesos en efectivo as\u00ed como mercanc\u00eda.<\/p>\n\n\n\n<p>El\nestablecimiento se ubica en la colonia del Bosque Norte, del municipio de Santa\nLuc\u00eda del Camino, donde frecuentemente ocurren asaltos, pese a los supuestos\noperativos de seguridad de los elementos policiacos.<\/p>\n\n\n\n<p>Y ayer por\nla ma\u00f1ana, sujetos desconocidos asaltaron una ferreter\u00eda con raz\u00f3n social \u201cRox\nMar\u201d, ubicada a un costado de la carretera federal \u201cAlfonso P\u00e9rez Gasga\u201d, en\ninmediaciones del municipio de Putla Villa de Guerrero.<\/p>\n\n\n\n<p>Amagaron con\narmas de fuego a los empleados y los despojaron de al menos 100 mil pesos de la\ncuenta del d\u00eda, tras lo cual se dieron a la fuga.<\/p>\n","protected":false},"excerpt":{"rendered":"<p>Redacci\u00f3n\/Zona Roja. Oaxaca de Ju\u00e1rez, Oax., 7 de agosto de 2019.- Contrario a la \u201cpercepci\u00f3n&hellip;<\/p>\n","protected":false},"author":2,"featured_media":2880,"comment_status":"closed","ping_status":"open","sticky":false,"template":"","format":"standard","meta":{"_lmt_disableupdate":"","_lmt_disable":"","_jetpack_memberships_contains_paid_content":false,"footnotes":""},"categories":[109,51],"tags":[495],"class_list":["post-2878","post","type-post","status-publish","format-standard","has-post-thumbnail","hentry","category-minuto-a-minuto","category-zona-roja","tag-ola-de-asaltos-oaxaca"],"jetpack_featured_media_url":"https:\/\/zonaroja.com.mx\/wp-content\/uploads\/2019\/08\/IMG_6368.jpg","jetpack_sharing_enabled":true,"_links":{"self":[{"href":"https:\/\/zonaroja.com.mx\/index.php?rest_route=\/wp\/v2\/posts\/2878","targetHints":{"allow":["GET"]}}],"collection":[{"href":"https:\/\/zonaroja.com.mx\/index.php?rest_route=\/wp\/v2\/posts"}],"about":[{"href":"https:\/\/zonaroja.com.mx\/index.php?rest_route=\/wp\/v2\/types\/post"}],"author":[{"embeddable":true,"href":"https:\/\/zonaroja.com.mx\/index.php?rest_route=\/wp\/v2\/users\/2"}],"replies":[{"embeddable":true,"href":"https:\/\/zonaroja.com.mx\/index.php?rest_route=%2Fwp%2Fv2%2Fcomments&post=2878"}],"version-history":[{"count":3,"href":"https:\/\/zonaroja.com.mx\/index.php?rest_route=\/wp\/v2\/posts\/2878\/revisions"}],"predecessor-version":[{"id":2887,"href":"https:\/\/zonaroja.com.mx\/index.php?rest_route=\/wp\/v2\/posts\/2878\/revisions\/2887"}],"wp:featuredmedia":[{"embeddable":true,"href":"https:\/\/zonaroja.com.mx\/index.php?rest_route=\/wp\/v2\/media\/2880"}],"wp:attachment":[{"href":"https:\/\/zonaroja.com.mx\/index.php?rest_route=%2Fwp%2Fv2%2Fmedia&parent=2878"}],"wp:term":[{"taxonomy":"category","embeddable":true,"href":"https:\/\/zonaroja.com.mx\/index.php?rest_route=%2Fwp%2Fv2%2Fcategories&post=2878"},{"taxonomy":"post_tag","embeddable":true,"href":"https:\/\/zonaroja.com.mx\/index.php?rest_route=%2Fwp%2Fv2%2Ftags&post=2878"}],"curies":[{"name":"wp","href":"https:\/\/api.w.org\/{rel}","templated":true}]}}