{"id":28783,"date":"2021-06-20T14:06:26","date_gmt":"2021-06-20T19:06:26","guid":{"rendered":"http:\/\/www.zonaroja.com.mx\/?p=28783"},"modified":"2021-06-20T14:06:28","modified_gmt":"2021-06-20T19:06:28","slug":"aumentan-los-casos-de-covid-en-mexico-y-deciden-suspender-clases-presenciales","status":"publish","type":"post","link":"https:\/\/zonaroja.com.mx\/?p=28783","title":{"rendered":"Aumentan los casos de Covid en M\u00e9xico y deciden suspender clases presenciales"},"content":{"rendered":"\n<p>Redacci\u00f3n\/Zona Roja Cdmx.<\/p>\n\n\n\n<p>Ciudad de M\u00e9xico, 20 de junio de 2021.- Los casos de contagio por Covid-19 tuvieron un repunte del 15 por ciento en M\u00e9xico, de acuerdo con cifras de la Secretar\u00eda de Salud estatal.<\/p>\n\n\n\n<p>Hasta la noche de ayer, el pa\u00eds registraba 231 mil 151 defunciones a causa de la enfermedad desde que inici\u00f3 la pandemia, 192 m\u00e1s que la v\u00edspera.<\/p>\n\n\n\n<p>Adem\u00e1s, se han registrado en total dos millones 475 mil 705 casos confirmados desde aquel momento, tres mil 964 de ellos en las \u00faltimas 24 horas.<\/p>\n\n\n\n<p>Ante ello, la SEP y la Secretar\u00eda de Salud determinaron suspender las clases presenciales en escuelas p\u00fablicas y privadas de la Rep\u00fablica Mexicana, que se hab\u00edan reiniciado hace dos semanas en diversos planteles.<\/p>\n\n\n\n<p>En ese lapso, al menos seis menores de edad, de escuelas p\u00fablicas y privadas, resultaron con casos de Covid-19.<\/p>\n\n\n\n<p>A partir de este lunes, las comunidades educativas, que en libertad y consenso decidan que las escuelas operen como Centros Comunitarios de Aprendizaje (CCA) deber\u00e1n cumplir con lo establecido en dicho documento, para poder realizar las siguientes actividades:<\/p>\n\n\n\n<p>Jornadas contra el rezago escolar; asesor\u00eda pedag\u00f3gica; apoyo psicoemocional; acciones de limpieza y sanitarias; tr\u00e1mites escolares; utilizaci\u00f3n de equipos y servicios (computadoras, internet, impresoras, TV, etc.); uso de infraestructura escolar (auditorios, canchas deportivas); acciones de construcci\u00f3n y mantenimiento; sesiones de \u00f3rganos colegiados del plantel educativo; y las que determine el Comit\u00e9 de Salud Escolar, previa autorizaci\u00f3n de la autoridad educativa.<\/p>\n\n\n\n<p>(Informaci\u00f3n de agencias)<\/p>\n","protected":false},"excerpt":{"rendered":"<p>Redacci\u00f3n\/Zona Roja Cdmx. Ciudad de M\u00e9xico, 20 de junio de 2021.- Los casos de contagio&hellip;<\/p>\n","protected":false},"author":2,"featured_media":4471,"comment_status":"closed","ping_status":"open","sticky":false,"template":"","format":"standard","meta":{"_lmt_disableupdate":"","_lmt_disable":"","_jetpack_memberships_contains_paid_content":false,"footnotes":""},"categories":[109,47],"tags":[1328],"class_list":["post-28783","post","type-post","status-publish","format-standard","has-post-thumbnail","hentry","category-minuto-a-minuto","category-zona-gris","tag-coronavirus-mexico"],"jetpack_featured_media_url":"https:\/\/zonaroja.com.mx\/wp-content\/uploads\/2019\/10\/Sal\u00f3n-de-clases.jpg","jetpack_sharing_enabled":true,"_links":{"self":[{"href":"https:\/\/zonaroja.com.mx\/index.php?rest_route=\/wp\/v2\/posts\/28783","targetHints":{"allow":["GET"]}}],"collection":[{"href":"https:\/\/zonaroja.com.mx\/index.php?rest_route=\/wp\/v2\/posts"}],"about":[{"href":"https:\/\/zonaroja.com.mx\/index.php?rest_route=\/wp\/v2\/types\/post"}],"author":[{"embeddable":true,"href":"https:\/\/zonaroja.com.mx\/index.php?rest_route=\/wp\/v2\/users\/2"}],"replies":[{"embeddable":true,"href":"https:\/\/zonaroja.com.mx\/index.php?rest_route=%2Fwp%2Fv2%2Fcomments&post=28783"}],"version-history":[{"count":1,"href":"https:\/\/zonaroja.com.mx\/index.php?rest_route=\/wp\/v2\/posts\/28783\/revisions"}],"predecessor-version":[{"id":28784,"href":"https:\/\/zonaroja.com.mx\/index.php?rest_route=\/wp\/v2\/posts\/28783\/revisions\/28784"}],"wp:featuredmedia":[{"embeddable":true,"href":"https:\/\/zonaroja.com.mx\/index.php?rest_route=\/wp\/v2\/media\/4471"}],"wp:attachment":[{"href":"https:\/\/zonaroja.com.mx\/index.php?rest_route=%2Fwp%2Fv2%2Fmedia&parent=28783"}],"wp:term":[{"taxonomy":"category","embeddable":true,"href":"https:\/\/zonaroja.com.mx\/index.php?rest_route=%2Fwp%2Fv2%2Fcategories&post=28783"},{"taxonomy":"post_tag","embeddable":true,"href":"https:\/\/zonaroja.com.mx\/index.php?rest_route=%2Fwp%2Fv2%2Ftags&post=28783"}],"curies":[{"name":"wp","href":"https:\/\/api.w.org\/{rel}","templated":true}]}}