{"id":28785,"date":"2021-06-20T14:32:24","date_gmt":"2021-06-20T19:32:24","guid":{"rendered":"http:\/\/www.zonaroja.com.mx\/?p=28785"},"modified":"2021-06-20T14:32:27","modified_gmt":"2021-06-20T19:32:27","slug":"registra-oaxaca-asesinato-de-tres-individuos-en-vispera-del-dia-del-padre","status":"publish","type":"post","link":"https:\/\/zonaroja.com.mx\/?p=28785","title":{"rendered":"Registra Oaxaca asesinato de tres individuos en v\u00edspera del D\u00eda del Padre"},"content":{"rendered":"\n<p>Redacci\u00f3n\/Zona Roja.<\/p>\n\n\n\n<p>Oaxaca de Ju\u00e1rez, Oax., 20 de junio de 2021.- En Oaxaca, tres personas del sexo masculino fueron asesinadas por disparos de arma de fuego y una m\u00e1s result\u00f3 lesionada, en la v\u00edspera del D\u00eda del Padre.<\/p>\n\n\n\n<p>Anoche, como se inform\u00f3, cerca de la media noche de ayer, a la entrada de la colonia Gustavo Pineda de la Cruz, fue ejecutado a balazos un individuo, identificado como Cristian Aquino, de 31 a\u00f1os de edad, con domicilio en la colonia V\u00edctor Yodo.<\/p>\n\n\n\n<p>En tanto que en la playa La Escobilla, del municipio de San Pedro Pochutla, fueron atacadas a balazos dos personas, alrededor de las 14:30 horas, cuando descend\u00edan de una camioneta.<\/p>\n\n\n\n<p>En el sitio perdi\u00f3 la vida Jaime L.B., de 52 a\u00f1os de edad, mientras que Luis Manuel E., de 32 a\u00f1os, result\u00f3 lesionado y trasladado a un hospital de San Pedro Pochutla.<\/p>\n\n\n\n<p>Ambos eran originarios de la comunidad de Bajos de Chila y a\u00fan no hay indicios del o los probables agresores.<\/p>\n\n\n\n<p>En tanto que, ayer en la madrugada, cerca de las 04:00 horas, fue atacado un joven, en la carretera local que comunica a Santa Mar\u00eda Atzompa, pero jurisdicci\u00f3n de la agencia de Montoya, ciudad de Oaxaca.<\/p>\n\n\n\n<p>El hoy occiso fue identificado como Juan Carlos R. R., de 22 a\u00f1os de edad; se dirig\u00eda a su domicilio, cuando fue ultimado, presuntamente derivado de un asalto.<\/p>\n\n\n\n<p>De acuerdo con datos de la Fiscal\u00eda General del Estado, el hombre falleci\u00f3 a causa de heridas producidas por arma blanca, y no por arma de fuego, como se inform\u00f3 de manera preliminar.<\/p>\n","protected":false},"excerpt":{"rendered":"<p>Redacci\u00f3n\/Zona Roja. Oaxaca de Ju\u00e1rez, Oax., 20 de junio de 2021.- En Oaxaca, tres personas&hellip;<\/p>\n","protected":false},"author":2,"featured_media":28786,"comment_status":"closed","ping_status":"open","sticky":false,"template":"","format":"standard","meta":{"_lmt_disableupdate":"","_lmt_disable":"","_jetpack_memberships_contains_paid_content":false,"footnotes":""},"categories":[109,51],"tags":[151],"class_list":["post-28785","post","type-post","status-publish","format-standard","has-post-thumbnail","hentry","category-minuto-a-minuto","category-zona-roja","tag-san-pedro-pochutla"],"jetpack_featured_media_url":"https:\/\/zonaroja.com.mx\/wp-content\/uploads\/2021\/06\/Asesinados-Oaxaca.jpg","jetpack_sharing_enabled":true,"_links":{"self":[{"href":"https:\/\/zonaroja.com.mx\/index.php?rest_route=\/wp\/v2\/posts\/28785","targetHints":{"allow":["GET"]}}],"collection":[{"href":"https:\/\/zonaroja.com.mx\/index.php?rest_route=\/wp\/v2\/posts"}],"about":[{"href":"https:\/\/zonaroja.com.mx\/index.php?rest_route=\/wp\/v2\/types\/post"}],"author":[{"embeddable":true,"href":"https:\/\/zonaroja.com.mx\/index.php?rest_route=\/wp\/v2\/users\/2"}],"replies":[{"embeddable":true,"href":"https:\/\/zonaroja.com.mx\/index.php?rest_route=%2Fwp%2Fv2%2Fcomments&post=28785"}],"version-history":[{"count":1,"href":"https:\/\/zonaroja.com.mx\/index.php?rest_route=\/wp\/v2\/posts\/28785\/revisions"}],"predecessor-version":[{"id":28787,"href":"https:\/\/zonaroja.com.mx\/index.php?rest_route=\/wp\/v2\/posts\/28785\/revisions\/28787"}],"wp:featuredmedia":[{"embeddable":true,"href":"https:\/\/zonaroja.com.mx\/index.php?rest_route=\/wp\/v2\/media\/28786"}],"wp:attachment":[{"href":"https:\/\/zonaroja.com.mx\/index.php?rest_route=%2Fwp%2Fv2%2Fmedia&parent=28785"}],"wp:term":[{"taxonomy":"category","embeddable":true,"href":"https:\/\/zonaroja.com.mx\/index.php?rest_route=%2Fwp%2Fv2%2Fcategories&post=28785"},{"taxonomy":"post_tag","embeddable":true,"href":"https:\/\/zonaroja.com.mx\/index.php?rest_route=%2Fwp%2Fv2%2Ftags&post=28785"}],"curies":[{"name":"wp","href":"https:\/\/api.w.org\/{rel}","templated":true}]}}