{"id":28788,"date":"2021-06-20T14:52:06","date_gmt":"2021-06-20T19:52:06","guid":{"rendered":"http:\/\/www.zonaroja.com.mx\/?p=28788"},"modified":"2021-06-20T14:52:08","modified_gmt":"2021-06-20T19:52:08","slug":"servir-a-oaxaca-la-mision-como-policia-y-jefes-de-familia-erasto-pacheco","status":"publish","type":"post","link":"https:\/\/zonaroja.com.mx\/?p=28788","title":{"rendered":"Servir a Oaxaca, la misi\u00f3n como polic\u00eda y jefes de familia: Erasto Pacheco"},"content":{"rendered":"\n<p>Redacci\u00f3n\/Zona Roja.<\/p>\n\n\n\n<p>Oaxaca de Ju\u00e1rez, Oax., 20 de junio de 2021.- Con 23 a\u00f1os de servicio y adscrito a la Polic\u00eda Estatal de la Secretar\u00eda de Seguridad P\u00fablica de Oaxaca (SSPO), don Erasto Pacheco Barranco se siente satisfecho y motivado con su trabajo, se\u00f1ala que gracias a \u00e9ste, puede vivir una vidas tranquila a lado de su familia.<\/p>\n\n\n\n<p>Desde muy joven, don Erasto, tra\u00eda esas ganas de servir a la sociedad y eso lo motiv\u00f3 a ingresar a las filas de la Polic\u00eda Estatal. Para \u00e9l, ser polic\u00eda y pap\u00e1 representa algo valioso en esta vida.<\/p>\n\n\n\n<p>\u201cTodos tenemos sentimientos, amor a nuestras familias, ausentarnos un mes, dos meses sin poder visitarlos es bastante dif\u00edcil, pero orgullosamente cumpliendo con nuestro deber como polic\u00edas\u201d, detalla.<\/p>\n\n\n\n<p>Padre de una hija y ahora con nietos, se\u00f1ala que esta profesi\u00f3n es un tanto dif\u00edcil por las ausencias pero cuando escucha que sus nietos quieren ser como \u00e9l cuando sean grandes, lo motiva a\u00fan m\u00e1s para cumplir con su misi\u00f3n en es esta vida.<\/p>\n\n\n\n<figure class=\"wp-block-embed-twitter wp-block-embed is-type-rich is-provider-twitter\"><div class=\"wp-block-embed__wrapper\">\n<div class=\"twitter-tweet\"><blockquote class=\"twitter-tweet\" data-lang=\"es\"><p lang=\"es\" dir=\"ltr\">En el marco del <a href=\"https:\/\/twitter.com\/hashtag\/D%C3%ADaDelPadre?src=hash&amp;ref_src=twsrc%5Etfw\">#D\u00edaDelPadre<\/a>, la <a href=\"https:\/\/twitter.com\/SSP_GobOax?ref_src=twsrc%5Etfw\">@SSP_GobOax<\/a> comparte la historia de vida de don Erasto Pacheco, con 23 a\u00f1os de labor en la <a href=\"https:\/\/twitter.com\/Policia_GobOax?ref_src=twsrc%5Etfw\">@Policia_GobOax<\/a>: <a href=\"https:\/\/t.co\/jYluijKWqH\">pic.twitter.com\/jYluijKWqH<\/a><\/p>&mdash; Zona Roja Oaxaca (@Zona_Roja_Oax) <a href=\"https:\/\/twitter.com\/Zona_Roja_Oax\/status\/1406675211571838976?ref_src=twsrc%5Etfw\">20 de junio de 2021<\/a><\/blockquote><\/div>\n<\/div><\/figure>\n\n\n\n<p>Sin dudarlo, le gustar\u00eda que su nieto fuera polic\u00eda\u2026. Para ayudar a la gente, para acabar con los problemas como la delincuencia y aplicar los valores como la Lealtad, honradez y eficacia al momento d desempe\u00f1ar su trabajo y como futuros pap\u00e1s.<\/p>\n\n\n\n<p>Prepararse todos los d\u00edas, es el consejo m\u00e1s sabio que don Erasto le da a sus compa\u00f1eros y nuevas generaciones de polic\u00edas y padres de familia, tienen que echarle ganas, se tienen que preparar, hoy se requiere de polic\u00edas preparados, con responsabilidad como padres o parejas.<\/p>\n\n\n\n<p>Hoy Oaxaca puede confiar en sus polic\u00edas, porque ellos tambi\u00e9n son padres o jefes de familia, como la mayor\u00eda de nosotros, detalla.<\/p>\n\n\n\n<p>\u201cComo polic\u00eda y padre de familia yo le digo a la ciudadan\u00eda oaxaque\u00f1a que pueden confiar en nosotros, porque nuestra \u00fanica misi\u00f3n es salvaguardar su seguridad y la de sus bienes; nosotros tambi\u00e9n somos parte de ellos, somos padres de familia, amigos, t\u00edos, hijos, esposos, vecinos, hermanos, estamos siempre de su lado\u201d finaliza.<\/p>\n","protected":false},"excerpt":{"rendered":"<p>Redacci\u00f3n\/Zona Roja. Oaxaca de Ju\u00e1rez, Oax., 20 de junio de 2021.- Con 23 a\u00f1os de&hellip;<\/p>\n","protected":false},"author":2,"featured_media":28789,"comment_status":"closed","ping_status":"open","sticky":false,"template":"","format":"standard","meta":{"_lmt_disableupdate":"","_lmt_disable":"","_jetpack_memberships_contains_paid_content":false,"footnotes":""},"categories":[109,46],"tags":[175],"class_list":["post-28788","post","type-post","status-publish","format-standard","has-post-thumbnail","hentry","category-minuto-a-minuto","category-zona-blanca","tag-secretaria-de-seguridad-publica-de-oaxaca"],"jetpack_featured_media_url":"https:\/\/zonaroja.com.mx\/wp-content\/uploads\/2021\/06\/Policia-Estatal-Erasto-Pacheco.jpg","jetpack_sharing_enabled":true,"_links":{"self":[{"href":"https:\/\/zonaroja.com.mx\/index.php?rest_route=\/wp\/v2\/posts\/28788","targetHints":{"allow":["GET"]}}],"collection":[{"href":"https:\/\/zonaroja.com.mx\/index.php?rest_route=\/wp\/v2\/posts"}],"about":[{"href":"https:\/\/zonaroja.com.mx\/index.php?rest_route=\/wp\/v2\/types\/post"}],"author":[{"embeddable":true,"href":"https:\/\/zonaroja.com.mx\/index.php?rest_route=\/wp\/v2\/users\/2"}],"replies":[{"embeddable":true,"href":"https:\/\/zonaroja.com.mx\/index.php?rest_route=%2Fwp%2Fv2%2Fcomments&post=28788"}],"version-history":[{"count":1,"href":"https:\/\/zonaroja.com.mx\/index.php?rest_route=\/wp\/v2\/posts\/28788\/revisions"}],"predecessor-version":[{"id":28790,"href":"https:\/\/zonaroja.com.mx\/index.php?rest_route=\/wp\/v2\/posts\/28788\/revisions\/28790"}],"wp:featuredmedia":[{"embeddable":true,"href":"https:\/\/zonaroja.com.mx\/index.php?rest_route=\/wp\/v2\/media\/28789"}],"wp:attachment":[{"href":"https:\/\/zonaroja.com.mx\/index.php?rest_route=%2Fwp%2Fv2%2Fmedia&parent=28788"}],"wp:term":[{"taxonomy":"category","embeddable":true,"href":"https:\/\/zonaroja.com.mx\/index.php?rest_route=%2Fwp%2Fv2%2Fcategories&post=28788"},{"taxonomy":"post_tag","embeddable":true,"href":"https:\/\/zonaroja.com.mx\/index.php?rest_route=%2Fwp%2Fv2%2Ftags&post=28788"}],"curies":[{"name":"wp","href":"https:\/\/api.w.org\/{rel}","templated":true}]}}