{"id":28791,"date":"2021-06-20T15:16:49","date_gmt":"2021-06-20T20:16:49","guid":{"rendered":"http:\/\/www.zonaroja.com.mx\/?p=28791"},"modified":"2021-06-20T15:16:51","modified_gmt":"2021-06-20T20:16:51","slug":"mantiene-secretaria-de-finanzas-de-oaxaca-en-opacidad-recursos-de-deuda","status":"publish","type":"post","link":"https:\/\/zonaroja.com.mx\/?p=28791","title":{"rendered":"Mantiene Secretar\u00eda de Finanzas de Oaxaca en opacidad recursos de deuda"},"content":{"rendered":"\n<p>Redacci\u00f3n\/Zona Roja.<\/p>\n\n\n\n<p>Oaxaca de Ju\u00e1rez, Oax., 20 de junio de 2021.- A m\u00e1s de a\u00f1o y medio de la autorizaci\u00f3n del Congreso de Oaxaca de un cr\u00e9dito por tres mil 500 millones de pesos, la Secretar\u00eda de Finanzas del Gobierno del Estado mantiene en la opacidad el manejo de los recursos.<\/p>\n\n\n\n<p>Pese a diversos llamados desde el Poder Legislativo, \u201ca la fecha, no existe respuesta a los planteamientos de los exhortos referidos, en una clara omisi\u00f3n y una evidente falta de transparencia y rendici\u00f3n de cuentas; fomentando con ello la discrecionalidad y la opacidad en el manejo de recurso p\u00fablicos\u201d, asever\u00f3 el diputado C\u00e9sar Morales Ni\u00f1o.<\/p>\n\n\n\n<p>El pasado mi\u00e9rcoles, en sesi\u00f3n de la Diputaci\u00f3n Permanente, present\u00f3 un Punto de Acuerdo en que requiri\u00f3, por en\u00e9sima ocasi\u00f3n, a dependencias del gobierno que encabeza Alejandro Murat Hinojosa, informes sobre la aplicaci\u00f3n de los recursos financieros.<\/p>\n\n\n\n<p>Record\u00f3 que en septiembre del a\u00f1o 2019, fue aprobado por esta 64 Legislatura, el dictamen de iniciativa con proyecto de decreto por el cual se autoriz\u00f3 al Ejecutivo del estado, a trav\u00e9s de la Secretar\u00eda de Finanzas, la contrataci\u00f3n de financiamientos para destinarlo a inversiones p\u00fablico productivas, a la constituci\u00f3n de fondos de reserva y los gastos y costos derivados de la contrataci\u00f3n del financiamiento.<\/p>\n\n\n\n<p>El decreto fue debidamente publicado en el Peri\u00f3dico Oficial de Estado, el d\u00eda 5 de octubre de 2019.<\/p>\n\n\n\n<p>Con base en lo anterior, el 14 de noviembre de 2019, fue publicado en el Peri\u00f3dico Oficial del Estado el decreto por el que se crea el Comit\u00e9 Ejecutivo de Seguimiento al Ejercicio de los Recursos Destinados a los Proyectos de Inversi\u00f3n P\u00fablica autorizados en el decreto n\u00famero 809 del Congreso.<\/p>\n\n\n\n<p>LOS LLAMADOS<\/p>\n\n\n\n<p>En sesi\u00f3n de fecha 16 de marzo de 2021, fue aprobado el dictamen emitido por la Comisi\u00f3n Permanente de Vigilancia del Sistema Estatal de Combate a la Corrupci\u00f3n, en el cual, en su punto segundo, la Legislatura, exhorta de manera respetuosa al Gobernador del Estado, para que instruya a los integrantes del Comit\u00e9 Ejecutivo de Seguimiento al Ejercicio de los Recursos Destinados a los Proyectos de Inversi\u00f3n P\u00fablica autorizados en el Decreto n\u00famero 809.<\/p>\n\n\n\n<p>\u201cDicho exhorto fue en el sentido de que comprueben y supervisen que las empresas ganadoras de las licitaciones de las obras de financiamiento tengan su domicilios f\u00edsicos en territorio oaxaque\u00f1o, para evitar contrataci\u00f3n de empresas inexistentes o fantasmas que no garanticen la realizaci\u00f3n de las obras\u201d, remarc\u00f3.<\/p>\n\n\n\n<p>Asimismo, le fue solicitado que instruya a dicho Comit\u00e9 Ejecutivo que depure el listado de proyectos de inversi\u00f3n p\u00fablica contenidas en la bolsa principal, pero que ya fueron realizados por los ayuntamientos, el estado o la Federaci\u00f3n y sean sustituidas por las obras contenidas en la bolsa contingente.<\/p>\n\n\n\n<p>\u201cCabe hacer menci\u00f3n que, desde la citada Comisi\u00f3n de Seguimiento, se han solicitado informes al Comit\u00e9 Ejecutivo sobre la sustituci\u00f3n de obras de la bolsa principal y la inclusi\u00f3n de nuevos proyectos, as\u00ed como del destino de los mil 500 millones de pesos que se utilizar\u00edan para el proyecto de la zona militar y que hasta el momento no se ha tenido respuesta institucional\u201d, dijo Morales Ni\u00f1o.<\/p>\n\n\n\n<p>Por ello, el pasado mi\u00e9rcoles present\u00f3 un Punto de Acuerdo por medio del que se propone que esta Legislatura exhorte al titular del Poder Ejecutivo para que remita a la brevedad posible, a la Comisi\u00f3n Permanente de Seguimiento de la Deuda P\u00fablica del Estado de Oaxaca, respuesta a los oficios girados por esta instancia legislativa al Comit\u00e9 Ejecutivo.<\/p>\n\n\n\n<p>Ello para dar seguimiento al decreto 809 aprobado por el Congreso, respecto de la aplicaci\u00f3n de los tres mil 500 millones de pesos autorizados en octubre de 2019.<\/p>\n\n\n\n<p>El legislador por Morena indic\u00f3 que este exhorto tiene como finalidad, adoptar medidas legislativas que permitan exigir transparencia, rendici\u00f3n de cuentas y m\u00e1xima publicidad en manejo de los recursos p\u00fablicos.<\/p>\n\n\n\n<p>\u201cLa democracia se construye con gobiernos abiertos a proporcionar informaci\u00f3n, sin embargo, en Oaxaca impera aun la desinformaci\u00f3n gubernamental, lo cual es una evidente actitud antidemocr\u00e1tica. \u00a1Basta ya de la opacidad del Gobierno del Estado!, expres\u00f3.<\/p>\n","protected":false},"excerpt":{"rendered":"<p>Redacci\u00f3n\/Zona Roja. Oaxaca de Ju\u00e1rez, Oax., 20 de junio de 2021.- A m\u00e1s de a\u00f1o&hellip;<\/p>\n","protected":false},"author":2,"featured_media":28793,"comment_status":"closed","ping_status":"open","sticky":false,"template":"","format":"standard","meta":{"_lmt_disableupdate":"","_lmt_disable":"","_jetpack_memberships_contains_paid_content":false,"footnotes":""},"categories":[109,47],"tags":[612],"class_list":["post-28791","post","type-post","status-publish","format-standard","has-post-thumbnail","hentry","category-minuto-a-minuto","category-zona-gris","tag-cesar-morales-nino"],"jetpack_featured_media_url":"https:\/\/zonaroja.com.mx\/wp-content\/uploads\/2021\/06\/En-Sesion-Ordinaria-de-la-Diputacion-Permanente-Denuncian-retroceso-de-la-paridad-de-genero-por-excluir-a-mujeres-en-nuevos-nombramientos-del-Gobierno-del-Estado-1.jpg","jetpack_sharing_enabled":true,"_links":{"self":[{"href":"https:\/\/zonaroja.com.mx\/index.php?rest_route=\/wp\/v2\/posts\/28791","targetHints":{"allow":["GET"]}}],"collection":[{"href":"https:\/\/zonaroja.com.mx\/index.php?rest_route=\/wp\/v2\/posts"}],"about":[{"href":"https:\/\/zonaroja.com.mx\/index.php?rest_route=\/wp\/v2\/types\/post"}],"author":[{"embeddable":true,"href":"https:\/\/zonaroja.com.mx\/index.php?rest_route=\/wp\/v2\/users\/2"}],"replies":[{"embeddable":true,"href":"https:\/\/zonaroja.com.mx\/index.php?rest_route=%2Fwp%2Fv2%2Fcomments&post=28791"}],"version-history":[{"count":1,"href":"https:\/\/zonaroja.com.mx\/index.php?rest_route=\/wp\/v2\/posts\/28791\/revisions"}],"predecessor-version":[{"id":28794,"href":"https:\/\/zonaroja.com.mx\/index.php?rest_route=\/wp\/v2\/posts\/28791\/revisions\/28794"}],"wp:featuredmedia":[{"embeddable":true,"href":"https:\/\/zonaroja.com.mx\/index.php?rest_route=\/wp\/v2\/media\/28793"}],"wp:attachment":[{"href":"https:\/\/zonaroja.com.mx\/index.php?rest_route=%2Fwp%2Fv2%2Fmedia&parent=28791"}],"wp:term":[{"taxonomy":"category","embeddable":true,"href":"https:\/\/zonaroja.com.mx\/index.php?rest_route=%2Fwp%2Fv2%2Fcategories&post=28791"},{"taxonomy":"post_tag","embeddable":true,"href":"https:\/\/zonaroja.com.mx\/index.php?rest_route=%2Fwp%2Fv2%2Ftags&post=28791"}],"curies":[{"name":"wp","href":"https:\/\/api.w.org\/{rel}","templated":true}]}}