{"id":28799,"date":"2021-06-20T19:26:05","date_gmt":"2021-06-21T00:26:05","guid":{"rendered":"http:\/\/www.zonaroja.com.mx\/?p=28799"},"modified":"2021-06-20T19:28:11","modified_gmt":"2021-06-21T00:28:11","slug":"otros-periodistas-amenazados-en-oaxaca-y-fiscalias-no-hacen-nada","status":"publish","type":"post","link":"https:\/\/zonaroja.com.mx\/?p=28799","title":{"rendered":"Otros periodistas amenazados en Oaxaca\u2026 y fiscal\u00edas no hacen nada"},"content":{"rendered":"\n<p>Ismael Garc\u00eda M.\/Zona Roja.<\/p>\n\n\n\n<p>Oaxaca de Ju\u00e1rez, Oax., 20 de junio de 2021.- \u201cPresidente, oiga, hace rato entregu\u00e9 un sobre de unas denuncias penales, atentaron contra mi vida aqu\u00ed en Huaxpaltepec\u201d.<\/p>\n\n\n\n<p>Con esas palabras fue interceptado el Presidente Andr\u00e9s Manuel L\u00f3pez Obrador el pasado viernes 11 de junio, al llegar a Oaxaca y cruzar por la carretera federal 200, de Pinotepa Nacional con rumbo a Puerto Escondido.<\/p>\n\n\n\n<p>&#8211;Por favor le encargo, porque el Gobierno del Estado no ha querido hacer nada, s\u00ed, ya son dos veces que atentaron con mi vida, me dedico a los medios de comunicaci\u00f3n.<\/p>\n\n\n\n<p>&#8211;Un favor, hazme un favor, busca de mi parte a la senadora Susana Harp, a Susana Harp; \u2018Susana, por favor atiende&#8217;.<\/p>\n\n\n\n<p>Eso respondi\u00f3 el Presidente de M\u00e9xico al comunicador, originario de San Andr\u00e9s Huaxpaltepec, cuyo nombre no ha sido revelado hasta el momento. El episodio se conoci\u00f3 este fin de semana a trav\u00e9s de un video que se difundi\u00f3 en redes sociales.<\/p>\n\n\n\n<figure class=\"wp-block-embed-twitter wp-block-embed is-type-rich is-provider-twitter\"><div class=\"wp-block-embed__wrapper\">\n<div class=\"twitter-tweet\"><blockquote class=\"twitter-tweet\" data-lang=\"es\"><p lang=\"es\" dir=\"ltr\">Durante la reciente visita del Presidente <a href=\"https:\/\/twitter.com\/lopezobrador_?ref_src=twsrc%5Etfw\">@lopezobrador_<\/a> a <a href=\"https:\/\/twitter.com\/hashtag\/Oaxaca?src=hash&amp;ref_src=twsrc%5Etfw\">#Oaxaca<\/a>, a su paso por Huaxpaltepec, un periodista de la regi\u00f3n Costa denunci\u00f3 amenazas de muerte en su contra y nula acci\u00f3n de la <a href=\"https:\/\/twitter.com\/FISCALIA_GobOax?ref_src=twsrc%5Etfw\">@FISCALIA_GobOax<\/a>; el mandatario lo atendi\u00f3; v\u00e9alo con la senadora <a href=\"https:\/\/twitter.com\/SusanaHarp?ref_src=twsrc%5Etfw\">@SusanaHarp<\/a>, le dijo. <a href=\"https:\/\/t.co\/FIl3Wt5u3E\">pic.twitter.com\/FIl3Wt5u3E<\/a><\/p>&mdash; Zona Roja Oaxaca (@Zona_Roja_Oax) <a href=\"https:\/\/twitter.com\/Zona_Roja_Oax\/status\/1406264696261459974?ref_src=twsrc%5Etfw\">19 de junio de 2021<\/a><\/blockquote><\/div>\n<\/div><\/figure>\n\n\n\n<p>TAMBI\u00c9N ISTMO<\/p>\n\n\n\n<p>Mientras tanto, tras el asesinato del reportero Gustavo S\u00e1nchez Cabrera, el pasado jueves en Morro Mazat\u00e1n, Tehuantepec, las voces de alerta y de exigencia de justicia se han multiplicado.<\/p>\n\n\n\n<p>\u201cLa regi\u00f3n del Istmo de Tehuantepec ha sido el foco rojo para ejercer la libertad de expresi\u00f3n. Aqu\u00ed ya han sido asesinados periodistas, hemos sido secuestrados, agredidos, y estamos siendo callados.<\/p>\n\n\n\n<p>\u201cHoy, me pronuncio en contra de la burocracia con lo cual est\u00e1 siendo manejado el mecanismo federal de protecci\u00f3n a periodistas; hoy alzo la voz por todos los periodistas mexicanos, y principalmente los oaxaque\u00f1os, que estamos siendo silenciados\u201d, difundi\u00f3 ayer el comunicador Jos\u00e9 Ignacio Santiago Mart\u00ednez.<\/p>\n\n\n\n<p>Pidi\u00f3 al Presidente L\u00f3pez Obrador voltee a ver a la regi\u00f3n del Istmo, \u201cen donde los periodistas est\u00e1n siendo asesinados; \u00a1sangre de periodistas est\u00e1 comenzando a correr por Oaxaca, mientras tu gobierno no hace nada por frenarlo!\u201d, reforz\u00f3.<\/p>\n\n\n\n<p>El comunicador ind\u00edgena zapoteca dijo que ha vivido en carne propia las agresiones por parte de grupos delictivos \u201cque han tratado de callarnos en la regi\u00f3n del Istmo de Tehuantepec, \u00a1ya basta de esa burocracia!<\/p>\n\n\n\n<p>\u201c\u00a1Ya basta de esperar que otro periodista m\u00e1s sea asesinado en Oaxaca! Voltea a vernos y date cuenta que Oaxaca est\u00e1 sufriendo a causa de la libertad de expresi\u00f3n\u00bb, remarc\u00f3 en su video.<\/p>\n\n\n\n<p>Hasta el momento la Fiscal\u00eda General del Estado no se ha pronunciado al respecto, como tampoco ha aclarado qui\u00e9n fall\u00f3 al implementar el mecanismo de protecci\u00f3n al periodista Gustavo S\u00e1nchez, de cuyo crimen hasta el momento no se tienen indicios, mientras que su familia tambi\u00e9n est\u00e1 siendo amenazada.<\/p>\n\n\n\n<figure class=\"wp-block-embed-twitter wp-block-embed is-type-rich is-provider-twitter\"><div class=\"wp-block-embed__wrapper\">\n<div class=\"twitter-tweet\"><blockquote class=\"twitter-tweet\" data-lang=\"es\"><p lang=\"es\" dir=\"ltr\">As\u00ed fue el sepelio del periodista Gustavo S\u00e1nchez Cabrera, ultimado el pasado jueves en Morro Mazat\u00e1n, Tehuantepec.<br>Y as\u00ed sigue siendo el clamor de periodistas oaxaque\u00f1os, para que autoridades federales y estatales impidan m\u00e1s cr\u00edmenes e impunidad en contra de los comunicadores. <a href=\"https:\/\/t.co\/dtX3y9aBpH\">pic.twitter.com\/dtX3y9aBpH<\/a><\/p>&mdash; Zona Roja Oaxaca (@Zona_Roja_Oax) <a href=\"https:\/\/twitter.com\/Zona_Roja_Oax\/status\/1406609281533677569?ref_src=twsrc%5Etfw\">20 de junio de 2021<\/a><\/blockquote><\/div>\n<\/div><\/figure>\n","protected":false},"excerpt":{"rendered":"<p>Ismael Garc\u00eda M.\/Zona Roja. Oaxaca de Ju\u00e1rez, Oax., 20 de junio de 2021.- \u201cPresidente, oiga,&hellip;<\/p>\n","protected":false},"author":2,"featured_media":2786,"comment_status":"closed","ping_status":"open","sticky":false,"template":"","format":"standard","meta":{"_lmt_disableupdate":"","_lmt_disable":"","_jetpack_memberships_contains_paid_content":false,"footnotes":""},"categories":[109,47],"tags":[1400],"class_list":["post-28799","post","type-post","status-publish","format-standard","has-post-thumbnail","hentry","category-minuto-a-minuto","category-zona-gris","tag-agresiones-periodistas-oaxaca"],"jetpack_featured_media_url":"https:\/\/zonaroja.com.mx\/wp-content\/uploads\/2019\/08\/prensa-8.jpg","jetpack_sharing_enabled":true,"_links":{"self":[{"href":"https:\/\/zonaroja.com.mx\/index.php?rest_route=\/wp\/v2\/posts\/28799","targetHints":{"allow":["GET"]}}],"collection":[{"href":"https:\/\/zonaroja.com.mx\/index.php?rest_route=\/wp\/v2\/posts"}],"about":[{"href":"https:\/\/zonaroja.com.mx\/index.php?rest_route=\/wp\/v2\/types\/post"}],"author":[{"embeddable":true,"href":"https:\/\/zonaroja.com.mx\/index.php?rest_route=\/wp\/v2\/users\/2"}],"replies":[{"embeddable":true,"href":"https:\/\/zonaroja.com.mx\/index.php?rest_route=%2Fwp%2Fv2%2Fcomments&post=28799"}],"version-history":[{"count":2,"href":"https:\/\/zonaroja.com.mx\/index.php?rest_route=\/wp\/v2\/posts\/28799\/revisions"}],"predecessor-version":[{"id":28801,"href":"https:\/\/zonaroja.com.mx\/index.php?rest_route=\/wp\/v2\/posts\/28799\/revisions\/28801"}],"wp:featuredmedia":[{"embeddable":true,"href":"https:\/\/zonaroja.com.mx\/index.php?rest_route=\/wp\/v2\/media\/2786"}],"wp:attachment":[{"href":"https:\/\/zonaroja.com.mx\/index.php?rest_route=%2Fwp%2Fv2%2Fmedia&parent=28799"}],"wp:term":[{"taxonomy":"category","embeddable":true,"href":"https:\/\/zonaroja.com.mx\/index.php?rest_route=%2Fwp%2Fv2%2Fcategories&post=28799"},{"taxonomy":"post_tag","embeddable":true,"href":"https:\/\/zonaroja.com.mx\/index.php?rest_route=%2Fwp%2Fv2%2Ftags&post=28799"}],"curies":[{"name":"wp","href":"https:\/\/api.w.org\/{rel}","templated":true}]}}