{"id":28808,"date":"2021-06-21T07:28:38","date_gmt":"2021-06-21T12:28:38","guid":{"rendered":"http:\/\/www.zonaroja.com.mx\/?p=28808"},"modified":"2021-06-21T07:28:41","modified_gmt":"2021-06-21T12:28:41","slug":"huazantlan-masacre-de-15-personas-cumple-un-ano-en-impunidad","status":"publish","type":"post","link":"https:\/\/zonaroja.com.mx\/?p=28808","title":{"rendered":"Huazantl\u00e1n, masacre de 15 personas cumple un a\u00f1o en impunidad"},"content":{"rendered":"\n<p>Redacci\u00f3n\/Zona Roja.<\/p>\n\n\n\n<p>Oaxaca de Ju\u00e1rez, Oax., 21 de junio de 2021.- A nueve meses de Rub\u00e9n Vasconcelos M\u00e9ndez y tres meses de Arturo Peimbert al frente de la Fiscal\u00eda General del Estado de Oaxaca, la masacre de 15 personas en Huazantl\u00e1n del R\u00edo, San Mateo del Mar, se mantiene impune, a un a\u00f1o de los hechos.<\/p>\n\n\n\n<p>Fue entre la noche del d\u00eda 21 y la madrugada del lunes 22 de 2020 en que fueron masacrados, a golpes, con bloques, palos, piedras y disparos de arma de fuego, 13 varones y dos mujeres, una de ellas Okas Marissa, que semanas atr\u00e1s hab\u00eda clamado justicia y protecci\u00f3n frente a la sede de la Defensor\u00eda de Derechos Humanos. Algunos cuerpos fueron incinerados.<\/p>\n\n\n\n<p>A un a\u00f1o del multihomicidio, no hay ninguna persona detenida y los familiares de las v\u00edctimas reiteradamente han se\u00f1alado que la Fiscal\u00eda General se niega a ingresar a la comunidad istme\u00f1a para aplicar al menos 16 \u00f3rdenes de aprehensi\u00f3n\u2026 porque la Secretar\u00eda General de Gobierno se los impide.<\/p>\n\n\n\n<p>Las v\u00edctimas respond\u00edan a los nombres de Okas Marissa Rangel Oviedo, Rub\u00e9n Abasolo Moctezuma, Mart\u00edn Alfredo Rangel Guti\u00e9rrez, Aquino Roldan Oronoz, Argelia Hern\u00e1ndez Villanueva, Eduardo montero Cort\u00e9s, Nehem\u00edas Baloes Iturrigaray.<\/p>\n\n\n\n<p>Tambi\u00e9n, Pascual Larrinzal Flores, Mario Alberto Villalobos Sumano, Hip\u00f3lito Lobos Escand\u00f3n, Alejandro Hurtado Serret, Carlos Alberto Bautista Garao, Heleno Gij\u00f3n Valle y Roberto Zaragoza Galabiz.<\/p>\n\n\n\n<p>De acuerdo con los familiares desplazados que se encuentran en el z\u00f3calo de la capital desde hace un a\u00f1o, los identificados como probables responsables son: Jos\u00e9 Luis Ch\u00e1vez Salinas, Camerino D\u00e1valos Larrinzar, Pedro D\u00e1valos Larrinzar, Laura Fiallo Sandoval e Iv\u00e1n Mateos L\u00f3pez.<\/p>\n\n\n\n<p>El conflicto, presuntamente electoral, se comenz\u00f3 a recrudecer el 2 de mayo de 2020, cuando los que se ostentan como autoridades de la Agencia de Huazantl\u00e1n del R\u00edo detuvieron a algunos de los habitantes de San Mateo del Mar y bloquearon el paso hacia la agencia de Santa Cruz, donde se iban a celebrar las fiestas patronales.<\/p>\n\n\n\n<p>El pasado 19 de febrero arribaron a la ciudad de Oaxaca visitadores de la Comisi\u00f3n Nacional de Derechos Humanos (CNDH) para atender a las v\u00edctimas, ante la omisi\u00f3n de las autoridades.<\/p>\n\n\n\n<p>El 5 de marzo, Rub\u00e9n Vasconcelos M\u00e9ndez renunci\u00f3 al cargo de fiscal y el 18 de marzo, el Congreso del Estado de Oaxaca design\u00f3 a Arturo Peimbert Calvo como responsable de la instituci\u00f3n; ninguno ha dado resultados sobre el caso Huazantl\u00e1n.<\/p>\n","protected":false},"excerpt":{"rendered":"<p>Redacci\u00f3n\/Zona Roja. Oaxaca de Ju\u00e1rez, Oax., 21 de junio de 2021.- A nueve meses de&hellip;<\/p>\n","protected":false},"author":2,"featured_media":15505,"comment_status":"closed","ping_status":"open","sticky":false,"template":"","format":"standard","meta":{"_lmt_disableupdate":"","_lmt_disable":"","_jetpack_memberships_contains_paid_content":false,"footnotes":""},"categories":[109,47],"tags":[1656],"class_list":["post-28808","post","type-post","status-publish","format-standard","has-post-thumbnail","hentry","category-minuto-a-minuto","category-zona-gris","tag-huazantlan-del-rio"],"jetpack_featured_media_url":"https:\/\/zonaroja.com.mx\/wp-content\/uploads\/2020\/07\/Protesta-Huazantl\u00e1n.jpg","jetpack_sharing_enabled":true,"_links":{"self":[{"href":"https:\/\/zonaroja.com.mx\/index.php?rest_route=\/wp\/v2\/posts\/28808","targetHints":{"allow":["GET"]}}],"collection":[{"href":"https:\/\/zonaroja.com.mx\/index.php?rest_route=\/wp\/v2\/posts"}],"about":[{"href":"https:\/\/zonaroja.com.mx\/index.php?rest_route=\/wp\/v2\/types\/post"}],"author":[{"embeddable":true,"href":"https:\/\/zonaroja.com.mx\/index.php?rest_route=\/wp\/v2\/users\/2"}],"replies":[{"embeddable":true,"href":"https:\/\/zonaroja.com.mx\/index.php?rest_route=%2Fwp%2Fv2%2Fcomments&post=28808"}],"version-history":[{"count":1,"href":"https:\/\/zonaroja.com.mx\/index.php?rest_route=\/wp\/v2\/posts\/28808\/revisions"}],"predecessor-version":[{"id":28809,"href":"https:\/\/zonaroja.com.mx\/index.php?rest_route=\/wp\/v2\/posts\/28808\/revisions\/28809"}],"wp:featuredmedia":[{"embeddable":true,"href":"https:\/\/zonaroja.com.mx\/index.php?rest_route=\/wp\/v2\/media\/15505"}],"wp:attachment":[{"href":"https:\/\/zonaroja.com.mx\/index.php?rest_route=%2Fwp%2Fv2%2Fmedia&parent=28808"}],"wp:term":[{"taxonomy":"category","embeddable":true,"href":"https:\/\/zonaroja.com.mx\/index.php?rest_route=%2Fwp%2Fv2%2Fcategories&post=28808"},{"taxonomy":"post_tag","embeddable":true,"href":"https:\/\/zonaroja.com.mx\/index.php?rest_route=%2Fwp%2Fv2%2Ftags&post=28808"}],"curies":[{"name":"wp","href":"https:\/\/api.w.org\/{rel}","templated":true}]}}