{"id":28810,"date":"2021-06-21T08:03:58","date_gmt":"2021-06-21T13:03:58","guid":{"rendered":"http:\/\/www.zonaroja.com.mx\/?p=28810"},"modified":"2021-06-21T13:33:35","modified_gmt":"2021-06-21T18:33:35","slug":"opinion-las-insaciables-ansias-de-salomon-jara-que-seran-aplacadas","status":"publish","type":"post","link":"https:\/\/zonaroja.com.mx\/?p=28810","title":{"rendered":"Opini\u00f3n. Las insaciables ansias de Salom\u00f3n Jara\u2026 que ser\u00e1n aplacadas"},"content":{"rendered":"\n<p>Ismael Garc\u00eda M.\/Zona Roja.<\/p>\n\n\n\n<p>Oaxaca de Ju\u00e1rez, Oax., 21 de junio de 2021.- \u201cNuestro pr\u00f3ximo gobernador de Oaxaca. Salom\u00f3n Jara. Morena, la esperanza de M\u00e9xico\u201d.<\/p>\n\n\n\n<p>Eso dice un cartel que comenz\u00f3 a circular la semana pasada, para promover al senador ex perredista y hoy morenista, en busca de la gubernatura estatal, que se renovar\u00e1 el pr\u00f3ximo a\u00f1o y cuyo proceso inicia en septiembre pr\u00f3ximo.<\/p>\n\n\n\n<p>Sin embargo, esa imagen es s\u00f3lo una peque\u00f1a muestra de las ansias del senador por figurar; se promueve \u00e9l mismo, a trav\u00e9s de sus allegados. Por cierto, a\u00fan no tiene la aprobaci\u00f3n del Partido Morena, pero ya utiliza la imagen y logotipo del instituto pol\u00edtico fundado por Andr\u00e9s Manuel L\u00f3pez Obrador.<\/p>\n\n\n\n<p>Claro, el presidente del partido en la entidad es su sobrino, Sesul Bola\u00f1os L\u00f3pez, cuya opacidad, nulo trabajo pol\u00edtico y obediencia ciega al t\u00edo fue premiada con una curul local por la v\u00eda plurinominal.<\/p>\n\n\n\n<p>Apenas concluidas las elecciones del 6 de junio, de inmediato reinici\u00f3 la emisi\u00f3n cotidiana de comunicados de prensa acerca de las reuniones del senador, aunque no haya informaci\u00f3n de val\u00eda para destacar.<\/p>\n\n\n\n<p>No bien terminaron los comicios, la ganadora por m\u00ednima diferencia del municipio de Santa Cruz Xoxocotl\u00e1n \u2013morenista, esposa de edil perredista que va por cinco a\u00f1os gobernando&#8211;, tambi\u00e9n se desat\u00f3 con su promoci\u00f3n:<\/p>\n\n\n\n<p>\u201cLa gente tiene que saber que el \u00fanico que puede representar y el \u00fanico que tiene la capacidad para ser gobernador es el licenciado Salom\u00f3n Jara\u201d, dijo en una reuni\u00f3n.<\/p>\n\n\n\n<p>Y Jara remat\u00f3 el fin de semana con un video en que critic\u00f3 a funcionarios de Bienestar y \u201cservidores de la naci\u00f3n\u201d, que traicionaron al morenismo, en Huajuapan de Le\u00f3n, pretexto que le sirvi\u00f3 para rematar:<\/p>\n\n\n\n<p>\u201cLes agradecemos bastante su apoyo, su consideraci\u00f3n y siempre a continuar luchando, porque esto no termina, esto es un paso, viene lo mejor, viene la lucha por la transformaci\u00f3n en nuestro estado y \u2018juntos rescatemos Oaxaca\u2019\u201d, lo que finalmente ser\u00e1 su lema de campa\u00f1a ya iniciada.<\/p>\n\n\n\n<p>Jara ahora recorre todo el estado, solapado por sus hermanos No\u00e9 y Amador, sus \u00fanicos fieles impulsores. Anda por la Mixteca, la Ca\u00f1ada, la Costa, los Valles, enga\u00f1ando a la gente que los triunfos de Morena son suyos.<\/p>\n\n\n\n<p>\u00bfQUI\u00c9N ES?<\/p>\n\n\n\n<p>Nadie niega la lucha social de Salom\u00f3n Jara Cruz desde hace m\u00e1s de tres d\u00e9cadas, que inici\u00f3 en la regi\u00f3n de la Costa junto con Flavio Sosa y otros activistas, que a su vez fundaron la Uni\u00f3n Campesina Democr\u00e1tica y participaron en creaci\u00f3n del Partido de la Revoluci\u00f3n Democr\u00e1tica.<\/p>\n\n\n\n<p>Desvanecida la izquierda, a golpe de costales de dinero y nula moral y \u00e9tica, tambi\u00e9n formaron parte de los inicios del Movimiento de Regeneraci\u00f3n Nacional, que devino en partido (y que hoy con escasos a\u00f1os de vida, lleva el mismo rumbo que el PRD).<\/p>\n\n\n\n<p>Curiosamente, el originario de San Melchor Betaza tiene poca ascendencia en la Sierra Norte del estado y ha preferido enfocar sus bater\u00edas proselitistas en el Istmo, donde tiene presidentes municipales financiadores y donde reside su poca base social.<\/p>\n\n\n\n<p>Su otro m\u00e9rito \u2013ya pagado con creces, seg\u00fan los propios morenistas de alcurnia&#8211;, es haber sido anfitri\u00f3n y acompa\u00f1ado &#8211;ya como senador perredista&#8211; a Andr\u00e9s Manuel L\u00f3pez Obrador en su periplo por Oaxaca, cuando nadie cre\u00eda en \u00e9l.<\/p>\n\n\n\n<p>Junto con Gabino Cu\u00e9 y Sosa Villavicencio, adem\u00e1s del finado Felipe Mart\u00ednez Soriano, acud\u00edan la mayor\u00eda de las veces a recibir al hoy mandatario mexicano. Y acompa\u00f1arlo, cuando apenas juntaba una treintena de personas en cada mitin.<\/p>\n\n\n\n<p>Tras las elecciones a la gubernatura que Gan\u00f3 Gabino Cu\u00e9 con partidos opositores al PRI, Salom\u00f3n Jara se convirti\u00f3 por dos a\u00f1os en secretario de Agricultura, cargo del que sali\u00f3 con acusaciones de fraude por varios millones de pesos, que no han sido esclarecidos hasta hoy.<\/p>\n\n\n\n<p>En 2016 fue candidato a gobernador por Morena, en los d\u00edas de lujo del naciente partido, en que logr\u00f3 un tercer lugar en la contienda, que gan\u00f3 Alejandro Murat con 496 mil 724 votos; le sigui\u00f3 el convenenciero perredista Jos\u00e9 Antonio Estefan Garfias con 387 mil 66 y Jara con 353 mil 805 sufragios.<\/p>\n\n\n\n<p>Ha sido diputado federal y local; hoy por segunda ocasi\u00f3n senador pero por Morena y se cree cuasidue\u00f1o del partido en la entidad, lo que le ha granjeado m\u00faltiples enemistades internas, incluyendo del grupo de Flavio Sosa.<\/p>\n\n\n\n<p>Inici\u00f3 su campa\u00f1a desde que tom\u00f3 posesi\u00f3n como senador &#8211;en que por cierto s\u00f3lo ha figurado por iniciativas irrisorias&#8211; y a cinco a\u00f1os, no ha crecido su popularidad, sino por el contrario, mengua.<\/p>\n\n\n\n<p>LAS SE\u00d1ALES<\/p>\n\n\n\n<p>Hay muchos indicios que ya debi\u00f3 analizar el senador oaxaque\u00f1o: de las 23 ocasiones que L\u00f3pez Obrador ha venido a Oaxaca como Presidente de M\u00e9xico, en muy raras ocasiones ha sido invitado Jara a los actos, principalmente para no chocar con Alejandro Murat.<\/p>\n\n\n\n<p>Y apenas el pasado 11 de junio, durante su visita a Oaxaca, Jara no acompa\u00f1\u00f3 a AMLO y por el contrario, el presidente encarg\u00f3 a la senadora Susana Harp varios asuntos, entre ellos denuncias de agresiones contra periodistas.<\/p>\n\n\n\n<p>Morena se fragmenta cada d\u00eda m\u00e1s y las m\u00e1s recientes muestras se dieron en las elecciones; en el Congreso local, a lo mucho habr\u00eda conseguido diez diputados \u201cfieles\u201d, de los 26 morenistas que integrar\u00e1n la 65 Legislatura.<\/p>\n\n\n\n<p>Mientras que en la 64 Legislatura los golpes contra el jarismo son cada vez m\u00e1s severos y uno de ellos fue arrebatar a Delfina Guzm\u00e1n D\u00edaz la coordinaci\u00f3n de la bancada.<\/p>\n\n\n\n<p>En los comicios el n\u00famero de municipios logrados es cada vez m\u00e1s reducidos y otra prueba es la capital, en que se opt\u00f3 por una tercera opci\u00f3n, con Francisco Mart\u00ednez Neri, decisi\u00f3n desfavorable al senador.<\/p>\n\n\n\n<p>El grupo de legisladores morenistas que comandan Ericel G\u00f3mez y Alejandro Avil\u00e9s, tienen una clara aversi\u00f3n contra Jara; Ericel ha preferido desde su medio, promover al diputado federal Armando Contreras Castillo, aunque a \u00e9ste no le alcanzar\u00eda ni para ganar la presidencia municipal de su pueblo.<\/p>\n\n\n\n<p>Por lo pronto, Salom\u00f3n Jara Cruz ya encontr\u00f3 una bandera de promoci\u00f3n m\u00e1s, aunque no sea iniciativa suya, que es la consulta el 1 de agosto, para enjuiciar a algunos ex presidentes de M\u00e9xico.<\/p>\n\n\n\n<p>Algo que no se deber\u00eda consultar siquiera, pues la ley es la ley, pero con ese galimat\u00edas, Jara Cruz intenta seguir enga\u00f1ando a los oaxaque\u00f1os<\/p>\n\n\n\n<p>Alejandro Murat pretende negociar que sea un morenista disfrazado de Verde y de priista, el senador Ra\u00fal Bola\u00f1os Cacho Cu\u00e9, el candidato a gobernador, pero \u00e9ste tambi\u00e9n se ha olvidado del estado y no cuenta con ning\u00fan respaldo de la militancia, mucho menos es conocido en las regiones del estado.<\/p>\n\n\n\n<p>Oaxaca ser\u00e1 morenista el pr\u00f3ximo a\u00f1o\u2026 pero no con Salom\u00f3n Jara Cruz, que ya sabe su destino y ya busca alianzas para contender por la gubernatura\u2026 con otro partido.<\/p>\n","protected":false},"excerpt":{"rendered":"<p>Ismael Garc\u00eda M.\/Zona Roja. Oaxaca de Ju\u00e1rez, Oax., 21 de junio de 2021.- \u201cNuestro pr\u00f3ximo&hellip;<\/p>\n","protected":false},"author":2,"featured_media":7610,"comment_status":"closed","ping_status":"open","sticky":false,"template":"","format":"standard","meta":{"_lmt_disableupdate":"","_lmt_disable":"","_jetpack_memberships_contains_paid_content":false,"footnotes":""},"categories":[456,109,48],"tags":[1353],"class_list":["post-28810","post","type-post","status-publish","format-standard","has-post-thumbnail","hentry","category-columna","category-minuto-a-minuto","category-zona-critica","tag-opinion-zona-critica"],"jetpack_featured_media_url":"https:\/\/zonaroja.com.mx\/wp-content\/uploads\/2020\/01\/Opini\u00f3n-Zona-Cr\u00edtica.jpg","jetpack_sharing_enabled":true,"_links":{"self":[{"href":"https:\/\/zonaroja.com.mx\/index.php?rest_route=\/wp\/v2\/posts\/28810","targetHints":{"allow":["GET"]}}],"collection":[{"href":"https:\/\/zonaroja.com.mx\/index.php?rest_route=\/wp\/v2\/posts"}],"about":[{"href":"https:\/\/zonaroja.com.mx\/index.php?rest_route=\/wp\/v2\/types\/post"}],"author":[{"embeddable":true,"href":"https:\/\/zonaroja.com.mx\/index.php?rest_route=\/wp\/v2\/users\/2"}],"replies":[{"embeddable":true,"href":"https:\/\/zonaroja.com.mx\/index.php?rest_route=%2Fwp%2Fv2%2Fcomments&post=28810"}],"version-history":[{"count":2,"href":"https:\/\/zonaroja.com.mx\/index.php?rest_route=\/wp\/v2\/posts\/28810\/revisions"}],"predecessor-version":[{"id":28819,"href":"https:\/\/zonaroja.com.mx\/index.php?rest_route=\/wp\/v2\/posts\/28810\/revisions\/28819"}],"wp:featuredmedia":[{"embeddable":true,"href":"https:\/\/zonaroja.com.mx\/index.php?rest_route=\/wp\/v2\/media\/7610"}],"wp:attachment":[{"href":"https:\/\/zonaroja.com.mx\/index.php?rest_route=%2Fwp%2Fv2%2Fmedia&parent=28810"}],"wp:term":[{"taxonomy":"category","embeddable":true,"href":"https:\/\/zonaroja.com.mx\/index.php?rest_route=%2Fwp%2Fv2%2Fcategories&post=28810"},{"taxonomy":"post_tag","embeddable":true,"href":"https:\/\/zonaroja.com.mx\/index.php?rest_route=%2Fwp%2Fv2%2Ftags&post=28810"}],"curies":[{"name":"wp","href":"https:\/\/api.w.org\/{rel}","templated":true}]}}