{"id":28816,"date":"2021-06-21T09:27:20","date_gmt":"2021-06-21T14:27:20","guid":{"rendered":"http:\/\/www.zonaroja.com.mx\/?p=28816"},"modified":"2021-06-21T09:27:23","modified_gmt":"2021-06-21T14:27:23","slug":"muere-adolescente-golpeado-en-baile-que-organizo-edil-de-oaxaca","status":"publish","type":"post","link":"https:\/\/zonaroja.com.mx\/?p=28816","title":{"rendered":"Muere adolescente golpeado en baile que organiz\u00f3 edil de Oaxaca"},"content":{"rendered":"\n<p>Redacci\u00f3n\/Zona Roja.<\/p>\n\n\n\n<p>Oaxaca de Ju\u00e1rez, Oax., 21 de junio de 2021.- Un adolescente perdi\u00f3 la vida ayer por la madrugada tras ser golpeado en un baile popular en Pluma Hidalgo, Oaxaca, que organiz\u00f3 el edil Josu\u00e9 Silva, con motivo del D\u00eda del Padre.<\/p>\n\n\n\n<p>Los hechos se suscitaron la noche del s\u00e1bado en la explanada municipal, cuya fiesta protagonizaron diversos grupos musicales, donde adem\u00e1s hubo alcohol sin restricciones.<\/p>\n\n\n\n<p>Cerca de la media noche ocurri\u00f3 una ri\u00f1a en que result\u00f3 golpeado un menor de 17 a\u00f1os de edad, identificado como Israel B. M. H., de 17 a\u00f1os de edad, quien fue trasladado a un hospital.<\/p>\n\n\n\n<p>Sin embargo, en la madrugada del domingo finalmente falleci\u00f3, debido a la gravedad de las lesiones, entre ellos traumatismo craneoencef\u00e1lico.<\/p>\n\n\n\n<p>De acuerdo con versiones de comunicadores de la Costa, entre ellos Adub Santos, en el baile popular particip\u00f3 el edil; hasta el momento no hay personas detenidas.<\/p>\n\n\n\n<p>MENOR LESIONADO<\/p>\n\n\n\n<p>Por otra parte, un menor de edad result\u00f3 lesionado ayer, D\u00eda del Padre, al ser alcanzado por una bala perdida, en la agencia de Reyes Mantec\u00f3n, perteneciente al municipio de San Bartolo Coyotepec.<\/p>\n\n\n\n<p>Fue canalizado al Hospital de la Ni\u00f1ez Oaxaque\u00f1a, donde Emilio, de 11 a\u00f1os de edad, fue atendido; presenta una herida de bala en el hombre izquierdo que no representa peligro para su vida.<\/p>\n","protected":false},"excerpt":{"rendered":"<p>Redacci\u00f3n\/Zona Roja. Oaxaca de Ju\u00e1rez, Oax., 21 de junio de 2021.- Un adolescente perdi\u00f3 la&hellip;<\/p>\n","protected":false},"author":2,"featured_media":28817,"comment_status":"closed","ping_status":"open","sticky":false,"template":"","format":"standard","meta":{"_lmt_disableupdate":"","_lmt_disable":"","_jetpack_memberships_contains_paid_content":false,"footnotes":""},"categories":[109,47],"tags":[1011],"class_list":["post-28816","post","type-post","status-publish","format-standard","has-post-thumbnail","hentry","category-minuto-a-minuto","category-zona-gris","tag-pluma-hidalgo"],"jetpack_featured_media_url":"https:\/\/zonaroja.com.mx\/wp-content\/uploads\/2021\/06\/Asesinado-Pluma-Hidalgo.jpg","jetpack_sharing_enabled":true,"_links":{"self":[{"href":"https:\/\/zonaroja.com.mx\/index.php?rest_route=\/wp\/v2\/posts\/28816","targetHints":{"allow":["GET"]}}],"collection":[{"href":"https:\/\/zonaroja.com.mx\/index.php?rest_route=\/wp\/v2\/posts"}],"about":[{"href":"https:\/\/zonaroja.com.mx\/index.php?rest_route=\/wp\/v2\/types\/post"}],"author":[{"embeddable":true,"href":"https:\/\/zonaroja.com.mx\/index.php?rest_route=\/wp\/v2\/users\/2"}],"replies":[{"embeddable":true,"href":"https:\/\/zonaroja.com.mx\/index.php?rest_route=%2Fwp%2Fv2%2Fcomments&post=28816"}],"version-history":[{"count":1,"href":"https:\/\/zonaroja.com.mx\/index.php?rest_route=\/wp\/v2\/posts\/28816\/revisions"}],"predecessor-version":[{"id":28818,"href":"https:\/\/zonaroja.com.mx\/index.php?rest_route=\/wp\/v2\/posts\/28816\/revisions\/28818"}],"wp:featuredmedia":[{"embeddable":true,"href":"https:\/\/zonaroja.com.mx\/index.php?rest_route=\/wp\/v2\/media\/28817"}],"wp:attachment":[{"href":"https:\/\/zonaroja.com.mx\/index.php?rest_route=%2Fwp%2Fv2%2Fmedia&parent=28816"}],"wp:term":[{"taxonomy":"category","embeddable":true,"href":"https:\/\/zonaroja.com.mx\/index.php?rest_route=%2Fwp%2Fv2%2Fcategories&post=28816"},{"taxonomy":"post_tag","embeddable":true,"href":"https:\/\/zonaroja.com.mx\/index.php?rest_route=%2Fwp%2Fv2%2Ftags&post=28816"}],"curies":[{"name":"wp","href":"https:\/\/api.w.org\/{rel}","templated":true}]}}