{"id":28821,"date":"2021-06-21T13:40:30","date_gmt":"2021-06-21T18:40:30","guid":{"rendered":"https:\/\/www.zonaroja.com.mx\/?p=28821"},"modified":"2021-06-21T19:57:22","modified_gmt":"2021-06-22T00:57:22","slug":"caso-huazantlan-gobierno-discrimina-a-indigenas-llevan-un-ano-exigiendo-justicia","status":"publish","type":"post","link":"https:\/\/zonaroja.com.mx\/?p=28821","title":{"rendered":"Caso Huazantl\u00e1n: gobierno discrimina a ind\u00edgenas; llevan un a\u00f1o exigiendo justicia"},"content":{"rendered":"\n<p class=\"MsoNormal\">Evlin Arag\u00f3n\/Zona Roja.&nbsp;<\/p>\n\n\n\n<p class=\"MsoNormal\">Oaxaca de Ju\u00e1rez, Oax., 21 de junio de 2021.-&nbsp;\u201cPorque somos ind\u00edgenas o porque vivimos en una zona marginada no les interesa, no les importa, pero cuando las votaciones necesitan, ah\u00ed si recurren a los pobres\u201d.&nbsp;<\/p>\n\n\n\n<p class=\"MsoNormal\">Son las palabras de do\u00f1a Reyna Mendoza, habitante de Huazantl\u00e1n del R\u00edo, localidad perteneciente al municipio de San Mateo del Mar que, desde hace un a\u00f1o fue v\u00edctima de una masacre en la que 15 personas fueron brutalmente asesinadas, sin que hasta la fecha exista justicia para las familias.&nbsp;&nbsp;<\/p>\n\n\n\n<p class=\"MsoNormal\">La ma\u00f1ana de&nbsp;este lunes, ella y decenas de personas protestaron en las instalaciones de la Agencia Estatal de Investigaciones (AEI), de la Fiscal\u00eda General del Estado, para pedir, nuevamente, la justicia que no llega, pese al paso del tiempo.&nbsp;&nbsp;<\/p>\n\n\n\n<p class=\"MsoNormal\">La mujer tiene claro el desinter\u00e9s por parte de las autoridades, quienes permiten que los responsables de la masacre sigan libres y campantes en la localidad, incluso son las v\u00edctimas las que viven con temor a que nuevamente se desate la violencia en perjuicio de la poblaci\u00f3n.&nbsp;<\/p>\n\n\n\n<p class=\"MsoNormal\">\u201cDesconocemos el motivo, no sabemos por qu\u00e9 no nos hacen caso. Ya basta de las injusticias hacia la mujer, ya basta de cr\u00edmenes que se han cometido no nada m\u00e1s en San Mateo, no nada m\u00e1s en Huazantl\u00e1n, sino en muchas otras comunidades\u201d, indic\u00f3.&nbsp;<\/p>\n\n\n\n<p class=\"MsoNormal\">La valiente mujer relat\u00f3 que el problema empez\u00f3 desde el 2 de mayo del 2020, cuando agarraron a la gente de Santa Cruz, la amenazaron y la metieron a la c\u00e1rcel, culp\u00e1ndolos por el problema del Covid, dijeron que hab\u00eda problemas y que hab\u00eda que cerrar todo. \u201cDesde ah\u00ed empez\u00f3 el problema\u201d, dijo.  <\/p>\n\n\n\n<figure class=\"wp-block-embed-twitter wp-block-embed is-type-rich is-provider-twitter\"><div class=\"wp-block-embed__wrapper\">\n<div class=\"twitter-tweet\"><blockquote class=\"twitter-tweet\" data-lang=\"es\"><p lang=\"es\" dir=\"ltr\"><a href=\"https:\/\/twitter.com\/hashtag\/%C3%9AltimoMinuto?src=hash&amp;ref_src=twsrc%5Etfw\">#\u00daltimoMinuto<\/a> <br>(3) A un a\u00f1o de la masacre, las amenazas y la inseguridad contin\u00faan en Huazantl\u00e1n y San Mateo del Mar, denuncian en la sede de la <a href=\"https:\/\/twitter.com\/FISCALIA_GobOax?ref_src=twsrc%5Etfw\">@FISCALIA_GobOax<\/a>. <br>La <a href=\"https:\/\/twitter.com\/GN_MEXICO_?ref_src=twsrc%5Etfw\">@GN_MEXICO_<\/a> estuvo el d\u00eda de los hechos y no hizo nada, revelan. <a href=\"https:\/\/t.co\/o34acqXt6i\">pic.twitter.com\/o34acqXt6i<\/a><\/p>&mdash; Zona Roja Oaxaca (@Zona_Roja_Oax) <a href=\"https:\/\/twitter.com\/Zona_Roja_Oax\/status\/1407005498898006017?ref_src=twsrc%5Etfw\">21 de junio de 2021<\/a><\/blockquote><\/div>\n<\/div><\/figure>\n\n\n\n<p class=\"MsoNormal\">En conjunto las y los manifestantes aseguraron que, a todas luces, se trata de un acto de discriminaci\u00f3n por parte de las autoridades de Oaxaca, cuyos responsables de la Secretar\u00eda General de Gobierno y la Fiscal\u00eda General de Justicia no escuchan al pueblo ind\u00edgena y no cumplen con su trabajo.&nbsp;&nbsp;<\/p>\n\n\n\n<p class=\"MsoNormal\">Recriminaron que, tal y como lo hizo en su momento Rub\u00e9n Vasconcelos M\u00e9ndez, el actual fiscal, Arturo Peimbert Calvo, mencion\u00f3 que no se pueden ejecutar las m\u00e1s de 160 \u00f3rdenes de aprensi\u00f3n en contra de los responsables, hasta que la Segego no lo autorice, lo cual promueve la impunidad y va en contra de la autonom\u00eda de la dependencia.&nbsp;&nbsp;<\/p>\n\n\n\n<p class=\"MsoNormal\">As\u00ed mismo, evidenciaron que principalmente las ordenes de aprehensi\u00f3n son en contra de Jos\u00e9 Luis Ch\u00e1vez Salinas, Camerino D\u00e1valos, Laura Fiallo, entre otros, que fueron acusados de homicidio por parte de familiares de las v\u00edctimas.&nbsp;&nbsp;<\/p>\n\n\n\n<p class=\"MsoNormal\">Como lo han hecho desde hace un a\u00f1o y ante la desidia de las autoridades, este lunes protestaron de nuevo y recordaron que son 15 familias las desplazadas de la zona, quienes mantienen su plant\u00f3n en el z\u00f3calo de la ciudad, mientras que la poblaci\u00f3n es v\u00edctima de las amenazas y la inseguridad que impera en la localidad.   <\/p>\n","protected":false},"excerpt":{"rendered":"<p>Evlin Arag\u00f3n\/Zona Roja.&nbsp; Oaxaca de Ju\u00e1rez, Oax., 21 de junio de 2021.-&nbsp;\u201cPorque somos ind\u00edgenas o&hellip;<\/p>\n","protected":false},"author":2,"featured_media":28820,"comment_status":"closed","ping_status":"open","sticky":false,"template":"","format":"standard","meta":{"_lmt_disableupdate":"","_lmt_disable":"","_jetpack_memberships_contains_paid_content":false,"footnotes":""},"categories":[109,47],"tags":[1656],"class_list":["post-28821","post","type-post","status-publish","format-standard","has-post-thumbnail","hentry","category-minuto-a-minuto","category-zona-gris","tag-huazantlan-del-rio"],"jetpack_featured_media_url":"https:\/\/zonaroja.com.mx\/wp-content\/uploads\/2021\/06\/db0082e3-f785-4cd5-a9d9-1c53225220c4.jpg","jetpack_sharing_enabled":true,"_links":{"self":[{"href":"https:\/\/zonaroja.com.mx\/index.php?rest_route=\/wp\/v2\/posts\/28821","targetHints":{"allow":["GET"]}}],"collection":[{"href":"https:\/\/zonaroja.com.mx\/index.php?rest_route=\/wp\/v2\/posts"}],"about":[{"href":"https:\/\/zonaroja.com.mx\/index.php?rest_route=\/wp\/v2\/types\/post"}],"author":[{"embeddable":true,"href":"https:\/\/zonaroja.com.mx\/index.php?rest_route=\/wp\/v2\/users\/2"}],"replies":[{"embeddable":true,"href":"https:\/\/zonaroja.com.mx\/index.php?rest_route=%2Fwp%2Fv2%2Fcomments&post=28821"}],"version-history":[{"count":2,"href":"https:\/\/zonaroja.com.mx\/index.php?rest_route=\/wp\/v2\/posts\/28821\/revisions"}],"predecessor-version":[{"id":28840,"href":"https:\/\/zonaroja.com.mx\/index.php?rest_route=\/wp\/v2\/posts\/28821\/revisions\/28840"}],"wp:featuredmedia":[{"embeddable":true,"href":"https:\/\/zonaroja.com.mx\/index.php?rest_route=\/wp\/v2\/media\/28820"}],"wp:attachment":[{"href":"https:\/\/zonaroja.com.mx\/index.php?rest_route=%2Fwp%2Fv2%2Fmedia&parent=28821"}],"wp:term":[{"taxonomy":"category","embeddable":true,"href":"https:\/\/zonaroja.com.mx\/index.php?rest_route=%2Fwp%2Fv2%2Fcategories&post=28821"},{"taxonomy":"post_tag","embeddable":true,"href":"https:\/\/zonaroja.com.mx\/index.php?rest_route=%2Fwp%2Fv2%2Ftags&post=28821"}],"curies":[{"name":"wp","href":"https:\/\/api.w.org\/{rel}","templated":true}]}}