{"id":28823,"date":"2021-06-21T15:13:26","date_gmt":"2021-06-21T20:13:26","guid":{"rendered":"https:\/\/www.zonaroja.com.mx\/?p=28823"},"modified":"2021-06-21T19:56:05","modified_gmt":"2021-06-22T00:56:05","slug":"periodistas-en-la-costa-piden-justicia-para-gustavo-sanchez","status":"publish","type":"post","link":"https:\/\/zonaroja.com.mx\/?p=28823","title":{"rendered":"Periodistas en la Costa piden justicia para Gustavo S\u00e1nchez"},"content":{"rendered":"\n<p class=\"MsoNormal\">Evlin Arag\u00f3n\/Zona Roja. <\/p>\n\n\n\n<p class=\"MsoNormal\">Oaxaca de Ju\u00e1rez, Oax., 21 de junio de 2021.- Periodistas de la regi\u00f3n de la Costa en Oaxaca, se unieron a la exigencia de justicia para Gustavo S\u00e1nchez Cabrera, asesinado el jueves 17 de junio por la ma\u00f1ana, cuando sujetos armados lo atacaron a las afueras de su vivienda, en Morro Mazat\u00e1n, Tehuantepec.  <\/p>\n\n\n\n<p class=\"MsoNormal\">\u201cEstamos levantando la voz para que se haga justicia. Le pedimos tanto al Gobierno del Estado como al gobierno federal, que intervengan ante esta situaci\u00f3n, que haya una respuesta para que esto se aclare y no quede impune\u201d, refirieron en un breve pronunciamiento.  <\/p>\n\n\n\n<p class=\"MsoNormal\">Desde Bah\u00edas de Huatulco, Guillermo Mendoza, Tito Garc\u00eda P\u00e9rez y Roberto Emilio Agustiniano, entre otros, cerraron filas para exigir que el caso sea atra\u00eddo por la Fiscal\u00eda General de la Rep\u00fablica (FGR), con la finalidad que la familia del periodista asesinado obtenga justicia.&nbsp;&nbsp;<\/p>\n\n\n\n<p class=\"MsoNormal\">Explicaron que el reciente asesinato de Gustavo S\u00e1nchez muestra la fragilidad y el riesgo que enfrenta el gremio periodista, la mayor\u00eda de estas agresiones son institucionales, es decir provienes de las autoridades, sin minimizar la presencia del crimen organizado en la entidad.  <\/p>\n\n\n\n<p class=\"MsoNormal\">Recordaron que el periodista asesinado ya hab\u00eda denunciado agresiones y amenazas en su contra ante la Fiscal\u00eda de Oaxaca, instancia que no quiso mover ni un solo dedo para brindarle protecci\u00f3n, de ah\u00ed que es responsable del atentado por omisi\u00f3n de sus funciones.\u00a0\u00a0\u00a0<\/p>\n\n\n\n<figure class=\"wp-block-embed-twitter wp-block-embed is-type-rich is-provider-twitter\"><div class=\"wp-block-embed__wrapper\">\n<div class=\"twitter-tweet\"><blockquote class=\"twitter-tweet\" data-lang=\"es\"><p lang=\"es\" dir=\"ltr\">Periodistas de la regi\u00f3n Costa de <a href=\"https:\/\/twitter.com\/hashtag\/Oaxaca?src=hash&amp;ref_src=twsrc%5Etfw\">#Oaxaca<\/a>, entre ellos Guillermo Mendoza, Tito Garc\u00eda y Roberto Emilio Agustiniano, sumaron tambi\u00e9n sus voces para exigir justicia para Gustavo S\u00e1nchez Cabrera, asesinado el pasado jueves. Demandan que el caso lo atraiga la FGR.<br>Video: Cortes\u00eda <a href=\"https:\/\/t.co\/lXm9MJsvSy\">pic.twitter.com\/lXm9MJsvSy<\/a><\/p>&mdash; Zona Roja Oaxaca (@Zona_Roja_Oax) <a href=\"https:\/\/twitter.com\/Zona_Roja_Oax\/status\/1406790656303960065?ref_src=twsrc%5Etfw\">21 de junio de 2021<\/a><\/blockquote><\/div>\n<\/div><\/figure>\n\n\n\n<p class=\"MsoNormal\">\u201cPedimos la intervenci\u00f3n de la Fiscal\u00eda General de la Rep\u00fablica para que atraiga esta investigaci\u00f3n y se haga a un lado a la Fiscal\u00eda de Oaxaca porque no hizo absolutamente nada para evitar que esto sucediera\u201d, manifestaron.  <\/p>\n\n\n\n<p class=\"MsoNormal\">En este mismo sentido, expresaron que, en la m\u00e1s reciente visita de la vicepresidenta de Estados Unidos, Kamala Harris, \u00e9sta se pronunci\u00f3 por el respeto al gremio period\u00edstico y de protecci\u00f3n a los derechos humanos, de ah\u00ed que exhortaron a las autoridades a garantizar el derecho a la libertad de prensa y la protecci\u00f3n de quienes la ejercen.  <\/p>\n\n\n\n<p class=\"MsoNormal\">Finalmente se solidarizaron con la familia de Gustavo S\u00e1nchez Cabrera y recordaron que no se mata la verdad matando periodistas, por lo que insistieron en la exigencia de justicia y cero impunidad.&nbsp;&nbsp;<\/p>\n\n\n\n<p class=\"MsoNormal\">\u201cJusticia para Gustavo, no se calla la verdad matando periodistas. Queremos justicia\u201d, expresaron.  <\/p>\n","protected":false},"excerpt":{"rendered":"<p>Evlin Arag\u00f3n\/Zona Roja. Oaxaca de Ju\u00e1rez, Oax., 21 de junio de 2021.- Periodistas de la&hellip;<\/p>\n","protected":false},"author":2,"featured_media":28685,"comment_status":"closed","ping_status":"open","sticky":false,"template":"","format":"standard","meta":{"_lmt_disableupdate":"","_lmt_disable":"","_jetpack_memberships_contains_paid_content":false,"footnotes":""},"categories":[109,47],"tags":[2749],"class_list":["post-28823","post","type-post","status-publish","format-standard","has-post-thumbnail","hentry","category-minuto-a-minuto","category-zona-gris","tag-gustavo-sanchez-cabrera-periodista"],"jetpack_featured_media_url":"https:\/\/zonaroja.com.mx\/wp-content\/uploads\/2021\/06\/Morro-Mazatan-periodista-2.jpg","jetpack_sharing_enabled":true,"_links":{"self":[{"href":"https:\/\/zonaroja.com.mx\/index.php?rest_route=\/wp\/v2\/posts\/28823","targetHints":{"allow":["GET"]}}],"collection":[{"href":"https:\/\/zonaroja.com.mx\/index.php?rest_route=\/wp\/v2\/posts"}],"about":[{"href":"https:\/\/zonaroja.com.mx\/index.php?rest_route=\/wp\/v2\/types\/post"}],"author":[{"embeddable":true,"href":"https:\/\/zonaroja.com.mx\/index.php?rest_route=\/wp\/v2\/users\/2"}],"replies":[{"embeddable":true,"href":"https:\/\/zonaroja.com.mx\/index.php?rest_route=%2Fwp%2Fv2%2Fcomments&post=28823"}],"version-history":[{"count":2,"href":"https:\/\/zonaroja.com.mx\/index.php?rest_route=\/wp\/v2\/posts\/28823\/revisions"}],"predecessor-version":[{"id":28839,"href":"https:\/\/zonaroja.com.mx\/index.php?rest_route=\/wp\/v2\/posts\/28823\/revisions\/28839"}],"wp:featuredmedia":[{"embeddable":true,"href":"https:\/\/zonaroja.com.mx\/index.php?rest_route=\/wp\/v2\/media\/28685"}],"wp:attachment":[{"href":"https:\/\/zonaroja.com.mx\/index.php?rest_route=%2Fwp%2Fv2%2Fmedia&parent=28823"}],"wp:term":[{"taxonomy":"category","embeddable":true,"href":"https:\/\/zonaroja.com.mx\/index.php?rest_route=%2Fwp%2Fv2%2Fcategories&post=28823"},{"taxonomy":"post_tag","embeddable":true,"href":"https:\/\/zonaroja.com.mx\/index.php?rest_route=%2Fwp%2Fv2%2Ftags&post=28823"}],"curies":[{"name":"wp","href":"https:\/\/api.w.org\/{rel}","templated":true}]}}