{"id":28836,"date":"2021-06-21T19:50:51","date_gmt":"2021-06-22T00:50:51","guid":{"rendered":"http:\/\/www.zonaroja.com.mx\/?p=28836"},"modified":"2021-06-21T19:50:53","modified_gmt":"2021-06-22T00:50:53","slug":"mototaxistas-de-catem-atacaron-a-colonos-y-edil-de-santa-lucia-no-hizo-nada","status":"publish","type":"post","link":"https:\/\/zonaroja.com.mx\/?p=28836","title":{"rendered":"Mototaxistas de CATEM atacaron a colonos y edil de Santa Luc\u00eda no hizo nada"},"content":{"rendered":"\n<p>Ismael Garc\u00eda M.\/Zona Roja.<\/p>\n\n\n\n<p>Oaxaca de Ju\u00e1rez, Oax., 21 de junio de 2021.- Como integrantes de la organizaci\u00f3n de transportistas CATEM Joven fueron identificados los integrantes de un grupo de choque que el pasado viernes por la ma\u00f1ana desaloj\u00f3 con violencia un bloqueo en la Orqu\u00eddeas de la colonia Antiguo Aeropuerto, en Santa Luc\u00eda del Camino.<\/p>\n\n\n\n<p>\u201cNo fueron ciudadanos de la zona norte como dijeron; fue un grupo de choque, eran alrededor de 30 personas que ven\u00edan con la consigna de agredir, todos ellos integrantes del grupo CATEM Joven, de mototaxis amarillos.<\/p>\n\n\n\n<p>\u201cFuimos atacados por ellos; adem\u00e1s, el se\u00f1or Salvador L\u00f3pez P\u00e9rez no es dirigente de la colonia Volcanes, como se dijo, est\u00e1 desconocido por su comit\u00e9 y \u00e9l encabezaba junto con la se\u00f1ora Iliana Acevedo, junto con l\u00edderes de este gremio, encabezaron esta actividad\u201d, narr\u00f3 la presidenta de los colonos, Lorena L\u00f3pez Gonz\u00e1lez.<\/p>\n\n\n\n<p>En conferencia de prensa, detall\u00f3 que los hechos sucedieron alrededor de las 10:15 horas y tra\u00edan cohetones, palos, piedras que arrojaron a los vecinos y algunos \u201chasta se atrevieron a amenazar con balacear los domicilios en ese momento y que si no pod\u00edan en ese momento iban a regresar a hacerlo\u201d.<\/p>\n\n\n\n<figure class=\"wp-block-embed-twitter wp-block-embed is-type-rich is-provider-twitter\"><div class=\"wp-block-embed__wrapper\">\n<div class=\"twitter-tweet\"><blockquote class=\"twitter-tweet\" data-lang=\"es\"><p lang=\"es\" dir=\"ltr\"><a href=\"https:\/\/twitter.com\/hashtag\/%C3%9AltimoMinuto?src=hash&amp;ref_src=twsrc%5Etfw\">#\u00daltimoMinuto<\/a> <br>A) Dirigentes de la colonia Antiguo Aeropuerto de Santa Luc\u00eda del Camino, confirman agresi\u00f3n el pasado viernes por parte de grupos de choque de mototaxistas, presuntamente de CATEM Joven, para abrir por la fuerza la calle Orqu\u00eddeas. <a href=\"https:\/\/t.co\/gCau1Ys4Sk\">pic.twitter.com\/gCau1Ys4Sk<\/a><\/p>&mdash; Zona Roja Oaxaca (@Zona_Roja_Oax) <a href=\"https:\/\/twitter.com\/Zona_Roja_Oax\/status\/1407042106972119040?ref_src=twsrc%5Etfw\">21 de junio de 2021<\/a><\/blockquote><\/div>\n<\/div><\/figure>\n\n\n\n<p>Expuso que los elementos policiacos nunca llegaron a la zona, pese a los llamados de auxilio a la l\u00ednea 911 y a la Secretar\u00eda General de Gobierno:<\/p>\n\n\n\n<p>\u201cLe solicitamos a trav\u00e9s del licenciado Eliseo V\u00e1squez que nos atendiera el licenciado Francisco (Garc\u00eda L\u00f3pez); tuvimos personas lesionadas, mujeres golpeadas con palos, les arrebataron sus celulares\u201d, expuso.<\/p>\n\n\n\n<p>Denunci\u00f3 adem\u00e1s la nula acci\u00f3n del ayuntamiento de Santa Luc\u00eda del Camino, a cargo de Dante Monta\u00f1o Montero, pues jam\u00e1s acudi\u00f3 con los polic\u00edas para resguardar a los vecinos.<\/p>\n\n\n\n<p>Expuso que ya hab\u00eda acuerdos para retirar el cierre de la calle Orqu\u00eddeas, tras una asamblea con los vecinos, pues ya hab\u00eda compromiso por parte del Gobierno del Estado para culminar las obras de pavimentaci\u00f3n y colocaci\u00f3n de luminarias.<\/p>\n\n\n\n<p>Responsabiliz\u00f3 a la Secretar\u00eda General de Gobierno y del ayuntamiento de Santa Luc\u00eda, por la omisi\u00f3n para salvaguardar la integridad de los vecinos.<\/p>\n\n\n\n<p>\u201cHizo caso omiso ante el llamado de auxilio que le pedimos y no mand\u00f3 a la polic\u00eda; adem\u00e1s, porque hay un compromiso de parte del municipio hacia quienes nos vinieron a atacar, de que van a poder circular por la calle de Orqu\u00eddeas las motos amarillas, pero de nuestra parte no hay autorizaci\u00f3n para la circulaci\u00f3n de mototaxis\u201d, remarc\u00f3 Lorena L\u00f3pez Gonz\u00e1lez.<\/p>\n\n\n\n<figure class=\"wp-block-embed-twitter wp-block-embed is-type-rich is-provider-twitter\"><div class=\"wp-block-embed__wrapper\">\n<div class=\"twitter-tweet\"><blockquote class=\"twitter-tweet\" data-lang=\"es\"><p lang=\"es\" dir=\"ltr\"><a href=\"https:\/\/twitter.com\/hashtag\/%C3%9AltimoMinuto?src=hash&amp;ref_src=twsrc%5Etfw\">#\u00daltimoMinuto<\/a> <br>B) En la conferencia, los dirigentes de la colonia Antiguo Aeropuerto denunciaron la nula atenci\u00f3n por parte del edil de Santa Luc\u00eda del Camino, <a href=\"https:\/\/twitter.com\/DANTEMONTANO?ref_src=twsrc%5Etfw\">@DanteMontano<\/a>, para brindar seguridad requerida; asimismo, la persistente omisi\u00f3n de la <a href=\"https:\/\/twitter.com\/SEGEGO_GobOax?ref_src=twsrc%5Etfw\">@SEGEGO_GobOax<\/a>. <a href=\"https:\/\/t.co\/ZhbaooewK7\">pic.twitter.com\/ZhbaooewK7<\/a><\/p>&mdash; Zona Roja Oaxaca (@Zona_Roja_Oax) <a href=\"https:\/\/twitter.com\/Zona_Roja_Oax\/status\/1407076008520454154?ref_src=twsrc%5Etfw\">21 de junio de 2021<\/a><\/blockquote><\/div>\n<\/div><\/figure>\n","protected":false},"excerpt":{"rendered":"<p>Ismael Garc\u00eda M.\/Zona Roja. Oaxaca de Ju\u00e1rez, Oax., 21 de junio de 2021.- Como integrantes&hellip;<\/p>\n","protected":false},"author":2,"featured_media":28837,"comment_status":"closed","ping_status":"open","sticky":false,"template":"","format":"standard","meta":{"_lmt_disableupdate":"","_lmt_disable":"","_jetpack_memberships_contains_paid_content":false,"footnotes":""},"categories":[109,47],"tags":[2751],"class_list":["post-28836","post","type-post","status-publish","format-standard","has-post-thumbnail","hentry","category-minuto-a-minuto","category-zona-gris","tag-colonia-antiguo-aeropuerto-santa-lucia-del-camino"],"jetpack_featured_media_url":"https:\/\/zonaroja.com.mx\/wp-content\/uploads\/2021\/06\/Conferencia-de-prensa-colonia-Antiguo-Aeropuerto.jpg","jetpack_sharing_enabled":true,"_links":{"self":[{"href":"https:\/\/zonaroja.com.mx\/index.php?rest_route=\/wp\/v2\/posts\/28836","targetHints":{"allow":["GET"]}}],"collection":[{"href":"https:\/\/zonaroja.com.mx\/index.php?rest_route=\/wp\/v2\/posts"}],"about":[{"href":"https:\/\/zonaroja.com.mx\/index.php?rest_route=\/wp\/v2\/types\/post"}],"author":[{"embeddable":true,"href":"https:\/\/zonaroja.com.mx\/index.php?rest_route=\/wp\/v2\/users\/2"}],"replies":[{"embeddable":true,"href":"https:\/\/zonaroja.com.mx\/index.php?rest_route=%2Fwp%2Fv2%2Fcomments&post=28836"}],"version-history":[{"count":1,"href":"https:\/\/zonaroja.com.mx\/index.php?rest_route=\/wp\/v2\/posts\/28836\/revisions"}],"predecessor-version":[{"id":28838,"href":"https:\/\/zonaroja.com.mx\/index.php?rest_route=\/wp\/v2\/posts\/28836\/revisions\/28838"}],"wp:featuredmedia":[{"embeddable":true,"href":"https:\/\/zonaroja.com.mx\/index.php?rest_route=\/wp\/v2\/media\/28837"}],"wp:attachment":[{"href":"https:\/\/zonaroja.com.mx\/index.php?rest_route=%2Fwp%2Fv2%2Fmedia&parent=28836"}],"wp:term":[{"taxonomy":"category","embeddable":true,"href":"https:\/\/zonaroja.com.mx\/index.php?rest_route=%2Fwp%2Fv2%2Fcategories&post=28836"},{"taxonomy":"post_tag","embeddable":true,"href":"https:\/\/zonaroja.com.mx\/index.php?rest_route=%2Fwp%2Fv2%2Ftags&post=28836"}],"curies":[{"name":"wp","href":"https:\/\/api.w.org\/{rel}","templated":true}]}}