{"id":28843,"date":"2021-06-21T21:59:24","date_gmt":"2021-06-22T02:59:24","guid":{"rendered":"http:\/\/www.zonaroja.com.mx\/?p=28843"},"modified":"2021-06-21T21:59:27","modified_gmt":"2021-06-22T02:59:27","slug":"registran-hospitales-de-oaxaca-64-pacientes-con-covid","status":"publish","type":"post","link":"https:\/\/zonaroja.com.mx\/?p=28843","title":{"rendered":"Registran hospitales de Oaxaca 64 pacientes con Covid"},"content":{"rendered":"\n<p>Redacci\u00f3n\/Zona Roja.<\/p>\n\n\n\n<p>Oaxaca de Ju\u00e1rez, Oax. 21 de junio de 2021.- Los Servicios de Salud de Oaxaca (SSO) informaron que durante el fin de semana se notific\u00f3 un incremento de tres personas que ingresaron a una unidad m\u00e9dica por complicaciones asociados al virus SARS-CoV-2, por lo que al corte de este 21 de junio se contabilizaron 64 pacientes internados.<\/p>\n\n\n\n<p>En un comunicado, la dependencia indic\u00f3 que con esta cifra, la red hospitalaria en la entidad registr\u00f3 17.3% de ocupaci\u00f3n, es decir, 307 camas se encuentran disponibles de un total de 371; tres nosocomios reportaron 100% de su capacidad.<\/p>\n\n\n\n<p>Expuso que del 19 al 21 de junio se contabilizaron 79 casos positivos de COVID-19, en 32 municipios, de los que destaca Salina Cruz con 16 contagios, Oaxaca de Ju\u00e1rez con 11, Heroica Ciudad de Juchit\u00e1n de Zaragoza con ocho, el resto cinco, tres, dos y un caso. Hasta el corte de este lunes Oaxaca lleg\u00f3 a los 47 mil 969 acumulado.<\/p>\n\n\n\n<p>Adem\u00e1s, suman en el territorio oaxaque\u00f1o tres mil 898 defunciones asociadas a la enfermedad, dos mil 522 eran hombres y mil 376 mujeres; el 84% del total de muertes corresponden a personas mayores de 50 a\u00f1os de edad.<\/p>\n\n\n\n<p>Desde el inicio de la pandemia en la entidad, hay un global de 81 mil 854 notificaciones, 29 mil 25 casos negativos, 4 mil 860 sospechosos, 43 mil 883 pacientes recuperados y 188 activos.<\/p>\n\n\n\n<figure class=\"wp-block-embed-twitter wp-block-embed is-type-rich is-provider-twitter\"><div class=\"wp-block-embed__wrapper\">\n<div class=\"twitter-tweet\"><blockquote class=\"twitter-tweet\" data-lang=\"es\"><p lang=\"es\" dir=\"ltr\"><a href=\"https:\/\/twitter.com\/hashtag\/%C3%9AltimoMinuto?src=hash&amp;ref_src=twsrc%5Etfw\">#\u00daltimoMinuto<\/a><br>Mientras tanto en <a href=\"https:\/\/twitter.com\/hashtag\/Oaxaca?src=hash&amp;ref_src=twsrc%5Etfw\">#Oaxaca<\/a>, los Servicios de Salud confirmaron dos fallecimientos por Covid, con lo que la cifra llega a tres mil 898 decesos.<br>Adem\u00e1s, dos casos positivos (79 el fin de semana), para un total de 47 mil 969 casos confirmados.<a href=\"https:\/\/twitter.com\/hashtag\/Qu%C3%A9dateEnCasa?src=hash&amp;ref_src=twsrc%5Etfw\">#Qu\u00e9dateEnCasa<\/a> <a href=\"https:\/\/t.co\/nxi2trA0w9\">pic.twitter.com\/nxi2trA0w9<\/a><\/p>&mdash; Zona Roja Oaxaca (@Zona_Roja_Oax) <a href=\"https:\/\/twitter.com\/Zona_Roja_Oax\/status\/1407147124102418435?ref_src=twsrc%5Etfw\">22 de junio de 2021<\/a><\/blockquote><\/div>\n<\/div><\/figure>\n\n\n\n<p>Valles Centrales report\u00f3 el d\u00eda de hoy 32 mil 358 confirmados, mil 908 decesos y 81 activos; Istmo con 4 mil 321 acumulados, 711 defunciones y 71 activos; Tuxtepec con 2 mil 963 positivos, 354 muertes y cinco activos; Costa con 2 mil 523 casos, 298 fallecimientos, 16 activos; Mixteca con 4 mil 68 contagios, 404 p\u00e9rdidas humanas y nueve activos; Sierra con mil 736 pacientes, 223 decesos y seis activos.<\/p>\n\n\n\n<p>En tanto, hay un total de 751 Eventos Supuestamente Atribuibles a la Vacunaci\u00f3n e Inmunizaci\u00f3n (ESAVIS) de la farmac\u00e9utica Pfizer BioNTech, AstraZeneca, Sinovac y CanSino Biologics, de los cuales 17 son graves, es decir, del total de personas beneficiadas con la vacuna contra el Covid-19, solo el 2.2% present\u00f3 alguna reacci\u00f3n con complicaciones.<\/p>\n\n\n\n<p>Finalmente, la instituci\u00f3n de Salud, pidi\u00f3 a la poblaci\u00f3n usar el cubrebocas en el transporte p\u00fablico, tiendas de autoservicio, oficinas, en la calle y siempre cuando se tenga contacto con otras personas, ya que record\u00f3 que el Covid-19 se propaga cuando una persona infectada exhala gotitas y part\u00edculas respiratorias muy peque\u00f1as que contienen el virus.<\/p>\n","protected":false},"excerpt":{"rendered":"<p>Redacci\u00f3n\/Zona Roja. Oaxaca de Ju\u00e1rez, Oax. 21 de junio de 2021.- Los Servicios de Salud&hellip;<\/p>\n","protected":false},"author":2,"featured_media":28844,"comment_status":"closed","ping_status":"open","sticky":false,"template":"","format":"standard","meta":{"_lmt_disableupdate":"","_lmt_disable":"","_jetpack_memberships_contains_paid_content":false,"footnotes":""},"categories":[109,47],"tags":[1512],"class_list":["post-28843","post","type-post","status-publish","format-standard","has-post-thumbnail","hentry","category-minuto-a-minuto","category-zona-gris","tag-coronavirus-oaxaca"],"jetpack_featured_media_url":"https:\/\/zonaroja.com.mx\/wp-content\/uploads\/2021\/06\/SSO-2-1.jpg","jetpack_sharing_enabled":true,"_links":{"self":[{"href":"https:\/\/zonaroja.com.mx\/index.php?rest_route=\/wp\/v2\/posts\/28843","targetHints":{"allow":["GET"]}}],"collection":[{"href":"https:\/\/zonaroja.com.mx\/index.php?rest_route=\/wp\/v2\/posts"}],"about":[{"href":"https:\/\/zonaroja.com.mx\/index.php?rest_route=\/wp\/v2\/types\/post"}],"author":[{"embeddable":true,"href":"https:\/\/zonaroja.com.mx\/index.php?rest_route=\/wp\/v2\/users\/2"}],"replies":[{"embeddable":true,"href":"https:\/\/zonaroja.com.mx\/index.php?rest_route=%2Fwp%2Fv2%2Fcomments&post=28843"}],"version-history":[{"count":1,"href":"https:\/\/zonaroja.com.mx\/index.php?rest_route=\/wp\/v2\/posts\/28843\/revisions"}],"predecessor-version":[{"id":28845,"href":"https:\/\/zonaroja.com.mx\/index.php?rest_route=\/wp\/v2\/posts\/28843\/revisions\/28845"}],"wp:featuredmedia":[{"embeddable":true,"href":"https:\/\/zonaroja.com.mx\/index.php?rest_route=\/wp\/v2\/media\/28844"}],"wp:attachment":[{"href":"https:\/\/zonaroja.com.mx\/index.php?rest_route=%2Fwp%2Fv2%2Fmedia&parent=28843"}],"wp:term":[{"taxonomy":"category","embeddable":true,"href":"https:\/\/zonaroja.com.mx\/index.php?rest_route=%2Fwp%2Fv2%2Fcategories&post=28843"},{"taxonomy":"post_tag","embeddable":true,"href":"https:\/\/zonaroja.com.mx\/index.php?rest_route=%2Fwp%2Fv2%2Ftags&post=28843"}],"curies":[{"name":"wp","href":"https:\/\/api.w.org\/{rel}","templated":true}]}}