{"id":28847,"date":"2021-06-21T22:22:23","date_gmt":"2021-06-22T03:22:23","guid":{"rendered":"http:\/\/www.zonaroja.com.mx\/?p=28847"},"modified":"2021-06-21T22:22:25","modified_gmt":"2021-06-22T03:22:25","slug":"joven-muere-al-caerle-un-rayo-en-comunidad-oaxaquena","status":"publish","type":"post","link":"https:\/\/zonaroja.com.mx\/?p=28847","title":{"rendered":"Joven muere al caerle un rayo, en comunidad oaxaque\u00f1a"},"content":{"rendered":"\n<p>Redacci\u00f3n\/Zona Roja.<\/p>\n\n\n\n<p>Oaxaca de Ju\u00e1rez, Oax., 21 de junio de 2021.- Un joven de aproximadamente 22 a\u00f1os de edad, perdi\u00f3 la vida al caerle un rayo, en la comunidad de San Jos\u00e9, perteneciente al municipio de Santiago Huajolotitl\u00e1n, en la regi\u00f3n Mixteca de Oaxaca.<\/p>\n\n\n\n<p>Lo anterior, debido a fuertes lluvias y una tormenta el\u00e9ctrica ocurrida en la zona, durante la tarde de este lunes.<\/p>\n\n\n\n<p>Otra persona del sexo masculino result\u00f3 lesionado por la misma causa y presenta quemaduras en diversas partes del cuerpo, por lo cual fue trasladada a un hospital de Huajuapan de Le\u00f3n.<\/p>\n\n\n\n<p>Apenas el pasado lunes 14 de junio, dos personas del sexo masculino, padre e hijo, perdieron tambi\u00e9n la vida a causa de la ca\u00edda de un rayo, en el municipio de San Nicol\u00e1s Yaxe, perteneciente al distrito de Ocotl\u00e1n.<\/p>\n","protected":false},"excerpt":{"rendered":"<p>Redacci\u00f3n\/Zona Roja. Oaxaca de Ju\u00e1rez, Oax., 21 de junio de 2021.- Un joven de aproximadamente&hellip;<\/p>\n","protected":false},"author":2,"featured_media":28606,"comment_status":"closed","ping_status":"open","sticky":false,"template":"","format":"standard","meta":{"_lmt_disableupdate":"","_lmt_disable":"","_jetpack_memberships_contains_paid_content":false,"footnotes":""},"categories":[109,51],"tags":[2753],"class_list":["post-28847","post","type-post","status-publish","format-standard","has-post-thumbnail","hentry","category-minuto-a-minuto","category-zona-roja","tag-santiago-huajolotitlan"],"jetpack_featured_media_url":"https:\/\/zonaroja.com.mx\/wp-content\/uploads\/2021\/06\/Rayo-electrocutado.jpg","jetpack_sharing_enabled":true,"_links":{"self":[{"href":"https:\/\/zonaroja.com.mx\/index.php?rest_route=\/wp\/v2\/posts\/28847","targetHints":{"allow":["GET"]}}],"collection":[{"href":"https:\/\/zonaroja.com.mx\/index.php?rest_route=\/wp\/v2\/posts"}],"about":[{"href":"https:\/\/zonaroja.com.mx\/index.php?rest_route=\/wp\/v2\/types\/post"}],"author":[{"embeddable":true,"href":"https:\/\/zonaroja.com.mx\/index.php?rest_route=\/wp\/v2\/users\/2"}],"replies":[{"embeddable":true,"href":"https:\/\/zonaroja.com.mx\/index.php?rest_route=%2Fwp%2Fv2%2Fcomments&post=28847"}],"version-history":[{"count":1,"href":"https:\/\/zonaroja.com.mx\/index.php?rest_route=\/wp\/v2\/posts\/28847\/revisions"}],"predecessor-version":[{"id":28848,"href":"https:\/\/zonaroja.com.mx\/index.php?rest_route=\/wp\/v2\/posts\/28847\/revisions\/28848"}],"wp:featuredmedia":[{"embeddable":true,"href":"https:\/\/zonaroja.com.mx\/index.php?rest_route=\/wp\/v2\/media\/28606"}],"wp:attachment":[{"href":"https:\/\/zonaroja.com.mx\/index.php?rest_route=%2Fwp%2Fv2%2Fmedia&parent=28847"}],"wp:term":[{"taxonomy":"category","embeddable":true,"href":"https:\/\/zonaroja.com.mx\/index.php?rest_route=%2Fwp%2Fv2%2Fcategories&post=28847"},{"taxonomy":"post_tag","embeddable":true,"href":"https:\/\/zonaroja.com.mx\/index.php?rest_route=%2Fwp%2Fv2%2Ftags&post=28847"}],"curies":[{"name":"wp","href":"https:\/\/api.w.org\/{rel}","templated":true}]}}