{"id":28849,"date":"2021-06-23T10:00:27","date_gmt":"2021-06-23T15:00:27","guid":{"rendered":"http:\/\/www.zonaroja.com.mx\/?p=28849"},"modified":"2021-06-23T16:52:01","modified_gmt":"2021-06-23T21:52:01","slug":"opinion-de-la-cndh-y-los-feminicidios","status":"publish","type":"post","link":"https:\/\/zonaroja.com.mx\/?p=28849","title":{"rendered":"Opini\u00f3n. De la CNDH y los feminicidios"},"content":{"rendered":"\n<p>Gibr\u00e1n Ram\u00edrez Reyes*<\/p>\n\n\n\n<p>Enfrentar el feminicidio requiere dimensionarlo y ello es siempre dif\u00edcil por la normalizaci\u00f3n que todos los fen\u00f3menos frecuentes terminan por generar.<\/p>\n\n\n\n<p>Pero el filtro social que define cu\u00e1les casos se hacen visibles y cu\u00e1les se pasan de largo est\u00e1 constituido tambi\u00e9n por las estructuras de raza, de clase, por capital social.<\/p>\n\n\n\n<p>Las instituciones, en lugar de caminar con la inercia de esas estructuras, deber\u00edan actuar para compensar las diferencias entre casos.<\/p>\n\n\n\n<p>Me refiero a la Comisi\u00f3n Nacional de Derechos Humanos, que la semana pasada exigi\u00f3 a las autoridades de Hidalgo \u201cque se investigue y sancione bajo el protocolo de feminicidio la muerte de la doctora Beatriz Hern\u00e1ndez Ruiz, tras ser encarcelada por polic\u00edas municipales de Progreso de Obreg\u00f3n\u201d.<\/p>\n\n\n\n<p>Fue correcto hacerlo, porque por principio todos los asesinatos de mujeres deben indagarse como feminicidios y no debe descartarse esa hip\u00f3tesis hasta que haya pruebas en contrario.<\/p>\n\n\n\n<p>Beatriz era una doctora del IMSS, ha contado con su familia para exigir justicia y \u00e9sta divulg\u00f3 informaci\u00f3n que permit\u00eda dudar de la versi\u00f3n de los polic\u00edas, que finalmente se confirm\u00f3.<\/p>\n\n\n\n<p>Pero la CNDH, por otro lado, no se manifiesta sobre otros casos que son muy indignantes y dolorosos. La semana pasada, en Matamoros, Coahuila, asesinaron a Ilse, una ni\u00f1a de 16 a\u00f1os, metieron su cuerpo en una bolsa para basura y la dejaron a metros de su casa.<\/p>\n\n\n\n<p>Muy pronto se detuvo a un empleado de una familia poderosa y se ha inculpado a un menor de edad (13 a\u00f1os), quien por esa condici\u00f3n no puede ir a la c\u00e1rcel.<\/p>\n\n\n\n<p>Familiares del empleado han se\u00f1alado como responsables del asesinato de Ilse a los padres del menor, ligados al poder local del PRI desde la CTM y que fueron empleadores de Ilse en un expendio de cerveza.<\/p>\n\n\n\n<p>El caso se ha manejado con sigilo y no ha trascendido a espacios medi\u00e1ticos nacionales, pues la familia de Ilse carece de capital social que deber\u00edan suplir las instituciones p\u00fablicas.<\/p>\n\n\n\n<p>Hay una intenci\u00f3n de ocultar los m\u00f3viles reales del crimen y evitar que dos adultos vayan a prisi\u00f3n. Ilse Ivonne \u2014lo s\u00e9 por su familia\u2014 hab\u00eda sido ya agredida por la madre del menor inculpado y hay razones para pensar que se trat\u00f3 de un feminicidio.<\/p>\n\n\n\n<p>La Fiscal\u00eda del Estado de Coahuila intent\u00f3 reclasificar el delito como homicidio, ha callado las l\u00edneas de investigaci\u00f3n y ha mantenido a la poderosa familia cetemista a salvo del ojo p\u00fablico.<\/p>\n\n\n\n<p>Cada feminicidio duele a este pa\u00eds. Las instituciones deber\u00edan procurar que cada uno sea igualmente tratado, y, la CNDH en particular, que ning\u00fan poder obstruya la procuraci\u00f3n de justicia.<\/p>\n\n\n\n<p>Para eso deber\u00eda saber qu\u00e9 es lo que est\u00e1 sucediendo en todo el pa\u00eds. \u00bfNo podr\u00eda, acaso, institucionalizarse un proyecto como el mapa de feminicidios de Mar\u00eda Salguero y la Comisi\u00f3n estudiar los casos y pronunciarse sistem\u00e1ticamente del mismo modo que se hizo con Beatriz?<\/p>\n\n\n\n<p>Por otro lado, las fiscal\u00edas deber\u00edan modernizarse, ponerse a tono con los tiempos m\u00e1s all\u00e1 del discurso. La Ciudad de M\u00e9xico ha dado un ejemplo con la creaci\u00f3n de la Fiscal\u00eda Especializada en feminicidios. Coahuila podr\u00eda impulsar algo similar.<\/p>\n\n\n\n<p>La Laguna, s\u00f3lo en junio, registr\u00f3 10 desapariciones de mujeres. Sus cuerpos, como el de Ilse Ivonne, han ido apareciendo. Esas mujeres merecen verdad. Esas mujeres merecen justicia.<\/p>\n\n\n\n<p>*Doctor en ciencia pol\u00edtica por la UNAM.<\/p>\n","protected":false},"excerpt":{"rendered":"<p>Gibr\u00e1n Ram\u00edrez Reyes* Enfrentar el feminicidio requiere dimensionarlo y ello es siempre dif\u00edcil por la&hellip;<\/p>\n","protected":false},"author":2,"featured_media":24099,"comment_status":"closed","ping_status":"open","sticky":false,"template":"","format":"standard","meta":{"_lmt_disableupdate":"","_lmt_disable":"","_jetpack_memberships_contains_paid_content":false,"footnotes":""},"categories":[456,109],"tags":[2489],"class_list":["post-28849","post","type-post","status-publish","format-standard","has-post-thumbnail","hentry","category-columna","category-minuto-a-minuto","tag-gibran-ramirez-reyes"],"jetpack_featured_media_url":"https:\/\/zonaroja.com.mx\/wp-content\/uploads\/2021\/02\/Gibran-Ramirez-Reyes.jpg","jetpack_sharing_enabled":true,"_links":{"self":[{"href":"https:\/\/zonaroja.com.mx\/index.php?rest_route=\/wp\/v2\/posts\/28849","targetHints":{"allow":["GET"]}}],"collection":[{"href":"https:\/\/zonaroja.com.mx\/index.php?rest_route=\/wp\/v2\/posts"}],"about":[{"href":"https:\/\/zonaroja.com.mx\/index.php?rest_route=\/wp\/v2\/types\/post"}],"author":[{"embeddable":true,"href":"https:\/\/zonaroja.com.mx\/index.php?rest_route=\/wp\/v2\/users\/2"}],"replies":[{"embeddable":true,"href":"https:\/\/zonaroja.com.mx\/index.php?rest_route=%2Fwp%2Fv2%2Fcomments&post=28849"}],"version-history":[{"count":1,"href":"https:\/\/zonaroja.com.mx\/index.php?rest_route=\/wp\/v2\/posts\/28849\/revisions"}],"predecessor-version":[{"id":28850,"href":"https:\/\/zonaroja.com.mx\/index.php?rest_route=\/wp\/v2\/posts\/28849\/revisions\/28850"}],"wp:featuredmedia":[{"embeddable":true,"href":"https:\/\/zonaroja.com.mx\/index.php?rest_route=\/wp\/v2\/media\/24099"}],"wp:attachment":[{"href":"https:\/\/zonaroja.com.mx\/index.php?rest_route=%2Fwp%2Fv2%2Fmedia&parent=28849"}],"wp:term":[{"taxonomy":"category","embeddable":true,"href":"https:\/\/zonaroja.com.mx\/index.php?rest_route=%2Fwp%2Fv2%2Fcategories&post=28849"},{"taxonomy":"post_tag","embeddable":true,"href":"https:\/\/zonaroja.com.mx\/index.php?rest_route=%2Fwp%2Fv2%2Ftags&post=28849"}],"curies":[{"name":"wp","href":"https:\/\/api.w.org\/{rel}","templated":true}]}}