{"id":28856,"date":"2021-06-22T07:53:25","date_gmt":"2021-06-22T12:53:25","guid":{"rendered":"http:\/\/www.zonaroja.com.mx\/?p=28856"},"modified":"2021-06-22T07:53:27","modified_gmt":"2021-06-22T12:53:27","slug":"muere-una-persona-baleada-en-san-pedro-pochutla","status":"publish","type":"post","link":"https:\/\/zonaroja.com.mx\/?p=28856","title":{"rendered":"Muere una persona baleada en San Pedro Pochutla"},"content":{"rendered":"\n<p>Redacci\u00f3n\/Zona Roja.<\/p>\n\n\n\n<p>Oaxaca de Ju\u00e1rez, Oax., 22 de junio de 2021.- Una persona del sexo masculino fue asesinada ayer por disparos de arma de fuego en San Pedro Pochutla.<\/p>\n\n\n\n<p>De acuerdo con reportes de corporaciones de seguridad, el cuerpo fue localizado ayer por la tarde en un camino local de terracer\u00eda; presentaba varios disparos de arma de fuego en el cuerpo.<\/p>\n\n\n\n<p>Posteriormente, la v\u00edctima fue identificada por sus familiares como Adri\u00e1n G. S., de aproximadamente 36 a\u00f1os de edad y vecino de la comunidad de La Herradura. Hasta el momento la Vicefiscal\u00eda Regional de la Costa no tiene indicios acerca del o los probables responsables del crimen.<\/p>\n","protected":false},"excerpt":{"rendered":"<p>Redacci\u00f3n\/Zona Roja. Oaxaca de Ju\u00e1rez, Oax., 22 de junio de 2021.- Una persona del sexo&hellip;<\/p>\n","protected":false},"author":2,"featured_media":8063,"comment_status":"closed","ping_status":"open","sticky":false,"template":"","format":"standard","meta":{"_lmt_disableupdate":"","_lmt_disable":"","_jetpack_memberships_contains_paid_content":false,"footnotes":""},"categories":[109,51],"tags":[2754],"class_list":["post-28856","post","type-post","status-publish","format-standard","has-post-thumbnail","hentry","category-minuto-a-minuto","category-zona-roja","tag-asesinado-san-pedro-pochutla"],"jetpack_featured_media_url":"https:\/\/zonaroja.com.mx\/wp-content\/uploads\/2020\/01\/crimen-balazos.jpg","jetpack_sharing_enabled":true,"_links":{"self":[{"href":"https:\/\/zonaroja.com.mx\/index.php?rest_route=\/wp\/v2\/posts\/28856","targetHints":{"allow":["GET"]}}],"collection":[{"href":"https:\/\/zonaroja.com.mx\/index.php?rest_route=\/wp\/v2\/posts"}],"about":[{"href":"https:\/\/zonaroja.com.mx\/index.php?rest_route=\/wp\/v2\/types\/post"}],"author":[{"embeddable":true,"href":"https:\/\/zonaroja.com.mx\/index.php?rest_route=\/wp\/v2\/users\/2"}],"replies":[{"embeddable":true,"href":"https:\/\/zonaroja.com.mx\/index.php?rest_route=%2Fwp%2Fv2%2Fcomments&post=28856"}],"version-history":[{"count":1,"href":"https:\/\/zonaroja.com.mx\/index.php?rest_route=\/wp\/v2\/posts\/28856\/revisions"}],"predecessor-version":[{"id":28857,"href":"https:\/\/zonaroja.com.mx\/index.php?rest_route=\/wp\/v2\/posts\/28856\/revisions\/28857"}],"wp:featuredmedia":[{"embeddable":true,"href":"https:\/\/zonaroja.com.mx\/index.php?rest_route=\/wp\/v2\/media\/8063"}],"wp:attachment":[{"href":"https:\/\/zonaroja.com.mx\/index.php?rest_route=%2Fwp%2Fv2%2Fmedia&parent=28856"}],"wp:term":[{"taxonomy":"category","embeddable":true,"href":"https:\/\/zonaroja.com.mx\/index.php?rest_route=%2Fwp%2Fv2%2Fcategories&post=28856"},{"taxonomy":"post_tag","embeddable":true,"href":"https:\/\/zonaroja.com.mx\/index.php?rest_route=%2Fwp%2Fv2%2Ftags&post=28856"}],"curies":[{"name":"wp","href":"https:\/\/api.w.org\/{rel}","templated":true}]}}