{"id":28858,"date":"2021-06-22T07:58:41","date_gmt":"2021-06-22T12:58:41","guid":{"rendered":"http:\/\/www.zonaroja.com.mx\/?p=28858"},"modified":"2021-06-22T07:58:43","modified_gmt":"2021-06-22T12:58:43","slug":"caso-nochixtlan-osorio-chong-comparece-ante-la-fgr","status":"publish","type":"post","link":"https:\/\/zonaroja.com.mx\/?p=28858","title":{"rendered":"Caso Nochixtl\u00e1n: Osorio Chong comparece ante la FGR"},"content":{"rendered":"\n<p>Redacci\u00f3n\/Zona Roja Cdmx.<\/p>\n\n\n\n<p>Ciudad de M\u00e9xico, 22 de junio de 2021.- Miguel \u00c1ngel Osorio Chong, exsecretario de Gobernaci\u00f3n, compareci\u00f3 en calidad de testigo en la Fiscal\u00eda General de la Rep\u00fablica (FGR) por el caso Nochixtl\u00e1n, Oaxaca.<\/p>\n\n\n\n<p>De acuerdo con autoridades federales, la diligencia del actual coordinador del PRI en el Senado se llev\u00f3 a cabo a trav\u00e9s de videoconferencia, debido a la emergencia sanitaria de Covid-19.<\/p>\n\n\n\n<p>En punto de las 18:00 horas de este lunes inici\u00f3 la audiencia en la que Osorio Chong respondi\u00f3 las preguntas del Ministerio P\u00fablico de la Federaci\u00f3n sobre la informaci\u00f3n que recibi\u00f3 antes, durante y despu\u00e9s de los hechos registrados el 19 de junio de 2016.<\/p>\n\n\n\n<p>El Comit\u00e9 de V\u00edctimas por Justicia y Verdad 19 de Junio public\u00f3 en su cuenta de Facebook que \u201cen un hecho hist\u00f3rico\u201d, este d\u00eda se realiz\u00f3 la diligencia con el exsecretario de Gobernaci\u00f3n<\/p>\n\n\n\n<p>La agrupaci\u00f3n civil inform\u00f3 que la audiencia dio un resultado favorable, pero indic\u00f3 que no pod\u00eda dar mayores datos por la secrec\u00eda de la investigaci\u00f3n.<\/p>\n\n\n\n<p>Activistas acusan a exfuncionarios de la administraci\u00f3n de Enrique Pe\u00f1a Nieto de participar en la masacre de Nochixtl\u00e1n, durante un desalojo que deriv\u00f3 en enfrentamiento entre agentes de la Polic\u00eda Federal, estatales y de la gendarmer\u00eda, y pobladores, lo que dej\u00f3 ocho muertos y m\u00e1s de un centenar de heridos.<\/p>\n\n\n\n<p>(Informaci\u00f3n de \u201cEl Financiero\u201d)<\/p>\n","protected":false},"excerpt":{"rendered":"<p>Redacci\u00f3n\/Zona Roja Cdmx. Ciudad de M\u00e9xico, 22 de junio de 2021.- Miguel \u00c1ngel Osorio Chong,&hellip;<\/p>\n","protected":false},"author":2,"featured_media":28859,"comment_status":"closed","ping_status":"open","sticky":false,"template":"","format":"standard","meta":{"_lmt_disableupdate":"","_lmt_disable":"","_jetpack_memberships_contains_paid_content":false,"footnotes":""},"categories":[109,47],"tags":[2755],"class_list":["post-28858","post","type-post","status-publish","format-standard","has-post-thumbnail","hentry","category-minuto-a-minuto","category-zona-gris","tag-miguel-angel-osorio-chong"],"jetpack_featured_media_url":"https:\/\/zonaroja.com.mx\/wp-content\/uploads\/2021\/06\/Miguel-Angel-Osorio-Chong.jpg","jetpack_sharing_enabled":true,"_links":{"self":[{"href":"https:\/\/zonaroja.com.mx\/index.php?rest_route=\/wp\/v2\/posts\/28858","targetHints":{"allow":["GET"]}}],"collection":[{"href":"https:\/\/zonaroja.com.mx\/index.php?rest_route=\/wp\/v2\/posts"}],"about":[{"href":"https:\/\/zonaroja.com.mx\/index.php?rest_route=\/wp\/v2\/types\/post"}],"author":[{"embeddable":true,"href":"https:\/\/zonaroja.com.mx\/index.php?rest_route=\/wp\/v2\/users\/2"}],"replies":[{"embeddable":true,"href":"https:\/\/zonaroja.com.mx\/index.php?rest_route=%2Fwp%2Fv2%2Fcomments&post=28858"}],"version-history":[{"count":1,"href":"https:\/\/zonaroja.com.mx\/index.php?rest_route=\/wp\/v2\/posts\/28858\/revisions"}],"predecessor-version":[{"id":28860,"href":"https:\/\/zonaroja.com.mx\/index.php?rest_route=\/wp\/v2\/posts\/28858\/revisions\/28860"}],"wp:featuredmedia":[{"embeddable":true,"href":"https:\/\/zonaroja.com.mx\/index.php?rest_route=\/wp\/v2\/media\/28859"}],"wp:attachment":[{"href":"https:\/\/zonaroja.com.mx\/index.php?rest_route=%2Fwp%2Fv2%2Fmedia&parent=28858"}],"wp:term":[{"taxonomy":"category","embeddable":true,"href":"https:\/\/zonaroja.com.mx\/index.php?rest_route=%2Fwp%2Fv2%2Fcategories&post=28858"},{"taxonomy":"post_tag","embeddable":true,"href":"https:\/\/zonaroja.com.mx\/index.php?rest_route=%2Fwp%2Fv2%2Ftags&post=28858"}],"curies":[{"name":"wp","href":"https:\/\/api.w.org\/{rel}","templated":true}]}}