{"id":28870,"date":"2021-06-22T13:39:53","date_gmt":"2021-06-22T18:39:53","guid":{"rendered":"https:\/\/www.zonaroja.com.mx\/?p=28870"},"modified":"2021-06-22T13:39:55","modified_gmt":"2021-06-22T18:39:55","slug":"continua-violencia-de-genero-en-radio-comunitaria-piden-retiro-de-concesion","status":"publish","type":"post","link":"https:\/\/zonaroja.com.mx\/?p=28870","title":{"rendered":"Contin\u00faa violencia de g\u00e9nero en radio comunitaria; piden retiro de concesi\u00f3n"},"content":{"rendered":"\n<p class=\"MsoNormal\">Evlin Arag\u00f3n\/Zona Roja. <\/p>\n\n\n\n<p class=\"MsoNormal\">Oaxaca de Ju\u00e1rez, Oax., 22 de junio de 2021.-&nbsp;Por tercera ocasi\u00f3n y de manera p\u00fablica, mujeres habitantes del municipio de San Antonino Castillo Velasco, perteneciente a la regi\u00f3n de Valles Centrales de Oaxaca, denunciaron la violencia de la que son objeto por parte de Albino Rojas Ju\u00e1rez, locutor en la frecuencia radial 107.9 de FM, Radio \u201cCalenda, la Voz del Valle\u201d.&nbsp;<\/p>\n\n\n\n<p class=\"MsoNormal\">De ah\u00ed que exigieron el retiro de la concesi\u00f3n de la radio comunitaria para quienes est\u00e1n a cargo de la frecuencia, adem\u00e1s de un castigo ejemplar a los que han utilizado los micr\u00f3fonos para ejercer violencia de g\u00e9nero en contra de habitantes de la localidad, como es el caso de Rojas Ju\u00e1rez, tambi\u00e9n apodado \u201cel Jarocho\u201d.&nbsp;<\/p>\n\n\n\n<p class=\"MsoNormal\">En conferencia de prensa, las mujeres explicaron que desde el mes de abril presentaron la denuncia correspondiente ante la Fiscal\u00eda General de Justicia de Oaxaca, misma que reafirmaron mayo, sin que hasta el momento le den seguimiento al caso, y por el contrario, el pseudo locutor sigue violent\u00e1ndolas a trav\u00e9s de la radio comunitaria.  <\/p>\n\n\n\n<p class=\"MsoNormal\">\u201cEstamos aqu\u00ed para que no se les olvide, tanto a las autoridades como a la comunidad, que nosotras como mujeres hemos sido violentadas en nuestra persona y en nuestra familia; lo que queremos es que haya una soluci\u00f3n y que no se repita con otras compa\u00f1eras\u201d, dijo Judith Campos Aguilar, s\u00edndica municipal de la localidad.&nbsp;<\/p>\n\n\n\n<p class=\"MsoNormal\">Mientras que Anil\u00fa Isabel Raymundo S\u00e1nchez, directora de Salud y presidenta de DIF Municipal, indic\u00f3 que no le parece justo que mujeres trabajadoras y adem\u00e1s dedicadas a sus familias sean descalificadas, insultadas y violentadas, a trav\u00e9s de una radio comunitaria, la cual deber\u00eda estar al servicio de la poblaci\u00f3n.&nbsp;&nbsp;<\/p>\n\n\n\n<p class=\"MsoNormal\">En conjunto, explicaron que ejercer un cargo p\u00fablico sigue siendo complicado para las mujeres, particularmente si se trata de comunidades ind\u00edgenas, a lo cual hay que sumarle la violencia de g\u00e9nero de la que ahora son v\u00edctimas por parte de un sujeto que se escuda detr\u00e1s de un micr\u00f3fono.&nbsp;&nbsp;<\/p>\n\n\n\n<p class=\"MsoNormal\">\u201cNosotras lo que queremos es que el se\u00f1or respete los lineamientos de las radios comunitarias y evite ser violento, pero no lo hace, no le baja a los comentarios por eso queremos su renuncia y que sea sancionado por las autoridades correspondientes\u201d, indicaron.&nbsp;<\/p>\n\n\n\n<p class=\"MsoNormal\">Por lo anterior, solicitaron la intervenci\u00f3n del gobierno de Oaxaca, toda vez que no puede ser c\u00f3mplice de la violencia en contra de las mujeres, adem\u00e1s que advirtieron que mantendr\u00e1n su exigencia hasta conseguir la suspensi\u00f3n de la concesi\u00f3n y la renuncia y castigo del violentador.&nbsp;&nbsp;<\/p>\n\n\n\n<p class=\"MsoNormal\">Incluso anunciaron que podr\u00edan intensificar sus protestas a fin de que su exigencia sea tomada en cuenta.&nbsp;<\/p>\n\n\n\n<p>No se trata de la \u00fanica denuncia en contra de dicha radio y algunos personajes que ah\u00ed laboran, ya que recientemente&nbsp;la candidata de Morena a la presidencia municipal, Norberta Teresita Gonz\u00e1lez&nbsp;Santiago, present\u00f3 una denuncia ante el Tribunal Estatal Electoral de Oaxaca (TEEO), en contra de tres personas a quienes responsabiliz\u00f3 de violencia pol\u00edtica en raz\u00f3n de g\u00e9nero de la que fue v\u00edctima.&nbsp;<\/p>\n\n\n\n<p class=\"MsoNormal\">Se trat\u00f3 de Flavio Santiago Antonino L\u00f3pez, Albino Rojas Ju\u00e1rez y Jos\u00e9 P\u00e9rez, a quienes se\u00f1ala como responsables de difamaciones y calumnias en su contra, vertidas a trav\u00e9s de la misma frecuencia radial.  <\/p>\n","protected":false},"excerpt":{"rendered":"<p>Evlin Arag\u00f3n\/Zona Roja. Oaxaca de Ju\u00e1rez, Oax., 22 de junio de 2021.-&nbsp;Por tercera ocasi\u00f3n y&hellip;<\/p>\n","protected":false},"author":2,"featured_media":28869,"comment_status":"closed","ping_status":"open","sticky":false,"template":"","format":"standard","meta":{"_lmt_disableupdate":"","_lmt_disable":"","_jetpack_memberships_contains_paid_content":false,"footnotes":""},"categories":[109,47],"tags":[200],"class_list":["post-28870","post","type-post","status-publish","format-standard","has-post-thumbnail","hentry","category-minuto-a-minuto","category-zona-gris","tag-san-antonino-castillo-velasco"],"jetpack_featured_media_url":"https:\/\/zonaroja.com.mx\/wp-content\/uploads\/2021\/06\/fbb26b55-e7eb-4441-bb34-480d5e2397a0.jpg","jetpack_sharing_enabled":true,"_links":{"self":[{"href":"https:\/\/zonaroja.com.mx\/index.php?rest_route=\/wp\/v2\/posts\/28870","targetHints":{"allow":["GET"]}}],"collection":[{"href":"https:\/\/zonaroja.com.mx\/index.php?rest_route=\/wp\/v2\/posts"}],"about":[{"href":"https:\/\/zonaroja.com.mx\/index.php?rest_route=\/wp\/v2\/types\/post"}],"author":[{"embeddable":true,"href":"https:\/\/zonaroja.com.mx\/index.php?rest_route=\/wp\/v2\/users\/2"}],"replies":[{"embeddable":true,"href":"https:\/\/zonaroja.com.mx\/index.php?rest_route=%2Fwp%2Fv2%2Fcomments&post=28870"}],"version-history":[{"count":1,"href":"https:\/\/zonaroja.com.mx\/index.php?rest_route=\/wp\/v2\/posts\/28870\/revisions"}],"predecessor-version":[{"id":28871,"href":"https:\/\/zonaroja.com.mx\/index.php?rest_route=\/wp\/v2\/posts\/28870\/revisions\/28871"}],"wp:featuredmedia":[{"embeddable":true,"href":"https:\/\/zonaroja.com.mx\/index.php?rest_route=\/wp\/v2\/media\/28869"}],"wp:attachment":[{"href":"https:\/\/zonaroja.com.mx\/index.php?rest_route=%2Fwp%2Fv2%2Fmedia&parent=28870"}],"wp:term":[{"taxonomy":"category","embeddable":true,"href":"https:\/\/zonaroja.com.mx\/index.php?rest_route=%2Fwp%2Fv2%2Fcategories&post=28870"},{"taxonomy":"post_tag","embeddable":true,"href":"https:\/\/zonaroja.com.mx\/index.php?rest_route=%2Fwp%2Fv2%2Ftags&post=28870"}],"curies":[{"name":"wp","href":"https:\/\/api.w.org\/{rel}","templated":true}]}}