{"id":28875,"date":"2021-06-22T18:53:06","date_gmt":"2021-06-22T23:53:06","guid":{"rendered":"http:\/\/www.zonaroja.com.mx\/?p=28875"},"modified":"2021-06-22T18:53:08","modified_gmt":"2021-06-22T23:53:08","slug":"reto-de-la-comision-estatal-de-busqueda-la-orografia-de-oaxaca","status":"publish","type":"post","link":"https:\/\/zonaroja.com.mx\/?p=28875","title":{"rendered":"Reto de la Comisi\u00f3n Estatal de B\u00fasqueda\u2026 la orograf\u00eda de Oaxaca"},"content":{"rendered":"\n<p>Evlin Arag\u00f3n\/Redacci\u00f3n\/Zona Roja.<\/p>\n\n\n\n<p>Oaxaca de Ju\u00e1rez, Oax., 22 de junio de 2021.- El principal reto de la reci\u00e9n creada Comisi\u00f3n Estatal de B\u00fasqueda de Personas Desaparecidas, es la orograf\u00eda de Oaxaca, consider\u00f3 su primera titular, Edilberta Cruz Regino.<\/p>\n\n\n\n<p>La maestra en criminal\u00edstica fue designada hoy con 36 votos, por el pleno de la 64 Legislatura, durante una sesi\u00f3n extraordinaria; la terna estuvo compuesta tambi\u00e9n por Alejandra Cruz Miguel y Osvaldo Arturo Mijangos Ric\u00e1rdez, quienes no obtuvieron ning\u00fan voto.<\/p>\n\n\n\n<p>-Cree que haya voluntad de gobierno? &#8211;se le cuestion\u00f3 en la primera entrevista colectiva, tras rendir protesta en el cargo.<\/p>\n\n\n\n<p>&#8211;No lo s\u00e9, pero espero que s\u00ed.<\/p>\n\n\n\n<p>&#8211;\u00bfEl caso de Claudia Uruchurtu ser\u00e1 una prioridad?<\/p>\n\n\n\n<p>&#8211;Ya est\u00e1n haciendo una b\u00fasqueda pro creo que todos los casos son de igual importancia, vamos a darle seguimiento a todos.<\/p>\n\n\n\n<p>&#8211;Considera graves los casos en Oaxaca?<\/p>\n\n\n\n<p>&#8211;Creo que como en todos los estados, es un asunto delicado y hay gravedad en ello\u2026 No tengo cifra de casos, es algo que me voy a abocar, sacar estad\u00edsticas y empezar a trabajar.<\/p>\n\n\n\n<p>Expuso que una de las primeras acciones ser\u00e1 reunirse con familiares de las v\u00edctimas de desaparici\u00f3n; asimismo, expuso que el presupuesto asignado no ser\u00e1 suficiente pues la instancia empieza de cero.<\/p>\n\n\n\n<figure class=\"wp-block-embed-twitter wp-block-embed is-type-rich is-provider-twitter\"><div class=\"wp-block-embed__wrapper\">\n<div class=\"twitter-tweet\"><blockquote class=\"twitter-tweet\" data-lang=\"es\"><p lang=\"es\" dir=\"ltr\">En su primera declaraci\u00f3n, la titular de la Comisi\u00f3n Estatal de B\u00fasqueda de Personas Desaparecidas en <a href=\"https:\/\/twitter.com\/hashtag\/Oaxaca?src=hash&amp;ref_src=twsrc%5Etfw\">#Oaxaca<\/a>, maestra en criminal\u00edstica Edilberta Cruz Regino, asegur\u00f3 que el de Claudia Uruchurtu y los dem\u00e1s casos de v\u00edctimas tendr\u00e1n la misma importancia. <a href=\"https:\/\/t.co\/klT6dUCmyy\">pic.twitter.com\/klT6dUCmyy<\/a><\/p>&mdash; Zona Roja Oaxaca (@Zona_Roja_Oax) <a href=\"https:\/\/twitter.com\/Zona_Roja_Oax\/status\/1407475359562481666?ref_src=twsrc%5Etfw\">22 de junio de 2021<\/a><\/blockquote><\/div>\n<\/div><\/figure>\n\n\n\n<p>SESI\u00d3N RETARDADA<\/p>\n\n\n\n<p>Con 36 votos a favor y en sesi\u00f3n extraordinaria del pleno, el Congreso del Estado eligi\u00f3 a la maestra Edilberta Cruz Regino, como presidenta de la Comisi\u00f3n Estatal de B\u00fasqueda de Personas Desaparecidas en Oaxaca.<\/p>\n\n\n\n<p>Lo anterior sucedi\u00f3 el mismo d\u00eda en que el fiscal general, Arturo Peimbert Calvo, confirm\u00f3 el asesinato de Claudia Uruchurtu Cruz, reportada como desaparecida el 26 de marzo luego de participar en una protesta contra la autoridad municipal encabezada por Lizbeth Victoria Huerta.&nbsp;<\/p>\n\n\n\n<p>En una sesi\u00f3n que inici\u00d3 con m\u00e1s de dos horas de retraso, se aval\u00f3 la terna compuesta por Alejandra Cruz Miguel, Edilberta Cruz Regino y Osvaldo Arturo Mijangos Ric\u00e1rdez, quienes previamente comparecieron en audiencia p\u00fablica para corroborar que contaban con el perfil y exponer los motivos de su aspiraci\u00f3n al cargo.<\/p>\n\n\n\n<p>Tras la emisi\u00f3n de los votos por parte de legisladoras y legisladores y luego del conteo de los mismos, se tom\u00f3 protesta a la maestra en criminolog\u00eda Edilberta Cruz Regino como titular de la Comisi\u00f3n de B\u00fasqueda de Personas Desaparecida, instancia que estar\u00e1 coordinada con la Secretar\u00eda General de Gobierno y la Coordinaci\u00f3n para la Atenci\u00f3n de los Derechos Humanos.\u00a0\u00a0<\/p>\n\n\n\n<figure class=\"wp-block-embed-twitter wp-block-embed is-type-rich is-provider-twitter\"><div class=\"wp-block-embed__wrapper\">\n<div class=\"twitter-tweet\"><blockquote class=\"twitter-tweet\" data-lang=\"es\"><p lang=\"es\" dir=\"ltr\"><a href=\"https:\/\/twitter.com\/hashtag\/%C3%9AltimoMinuto?src=hash&amp;ref_src=twsrc%5Etfw\">#\u00daltimoMinuto<\/a> <br>Con 36 votos a favor, en sesi\u00f3n extraordinaria del pleno, el Congreso del Estado eligi\u00f3 a la maestra Edilberta Cruz Regino, como presidenta de la Comisi\u00f3n Estatal de B\u00fasqueda de Personas Desaparecidas en Oaxaca. <a href=\"https:\/\/t.co\/2YD3ENqJF4\">pic.twitter.com\/2YD3ENqJF4<\/a><\/p>&mdash; Zona Roja Oaxaca (@Zona_Roja_Oax) <a href=\"https:\/\/twitter.com\/Zona_Roja_Oax\/status\/1407414785084465165?ref_src=twsrc%5Etfw\">22 de junio de 2021<\/a><\/blockquote><\/div>\n<\/div><\/figure>\n\n\n\n<p>RECLAMO CONSTANTE<\/p>\n\n\n\n<p>Desde hace meses, decenas de organizaciones de la sociedad civil urgieron al Congreso local dejar de ser omisos ante una problem\u00e1tica que crece y crece en la entidad oaxaque\u00f1a y concretar la designaci\u00f3n de quien est\u00e9 al frente de dicha comisi\u00f3n.&nbsp;<\/p>\n\n\n\n<p>En septiembre del 2020 y con un documento firmado por m\u00e1s de 15 organizaciones, explicaron que la aprobaci\u00f3n de la Ley en Materia de Desaparici\u00f3n de Personas para el Estado de Oaxaca se llev\u00f3 a cabo desde noviembre de 2019, y desde ese momento se establecieron plazos espec\u00edficos para la conformaci\u00f3n de la comisi\u00f3n.<\/p>\n\n\n\n<p>Sin embargo, lo anterior no fue respetado, incurriendo en graves omisiones, por parte del Poder Ejecutivo y Legislativo.&nbsp;<\/p>\n\n\n\n<p>As\u00ed mismo, recordaron que la desaparici\u00f3n forzada de personas es un problema mundial que afecta a todo el n\u00facleo familiar, a la comunidad y al conjunto de la sociedad.&nbsp;<\/p>\n\n\n\n<p>\u201cEs una forma de sufrimiento doblemente paralizante: para las v\u00edctimas, muchas veces torturadas y siempre temerosas de perder la vida, y para los miembros de la familia, que no saben la suerte corrida por sus seres queridos\u201d, indicaron.&nbsp;<\/p>\n\n\n\n<p>En la experiencia laboral de la maestra en criminal\u00edstica Edilberta Cruz Regino, se encuentran:&nbsp; sus funciones como perito en Odontolog\u00eda Forense en la Fiscal\u00eda General del Estado de Morelos.<\/p>\n\n\n\n<p>Adem\u00e1s, particip\u00f3 como integrante del \u00e1rea de identificaci\u00f3n humana de Fiscal\u00eda General del Estado de Morelos, perito oficial en odontolog\u00eda forense en la fosa del pante\u00f3n de la colonia Pedro Amaro de Jojutla, Morelos, y como perito oficial en odontolog\u00eda forense en la fosa de Tetelcingo, Morelos.<\/p>\n","protected":false},"excerpt":{"rendered":"<p>Evlin Arag\u00f3n\/Redacci\u00f3n\/Zona Roja. Oaxaca de Ju\u00e1rez, Oax., 22 de junio de 2021.- El principal reto&hellip;<\/p>\n","protected":false},"author":2,"featured_media":28876,"comment_status":"closed","ping_status":"open","sticky":false,"template":"","format":"standard","meta":{"_lmt_disableupdate":"","_lmt_disable":"","_jetpack_memberships_contains_paid_content":false,"footnotes":""},"categories":[109,46],"tags":[2757,2756],"class_list":["post-28875","post","type-post","status-publish","format-standard","has-post-thumbnail","hentry","category-minuto-a-minuto","category-zona-blanca","tag-comision-estatal-de-busqueda-de-personas-desaparecidas-oaxaca","tag-edilberta-cruz-regino"],"jetpack_featured_media_url":"https:\/\/zonaroja.com.mx\/wp-content\/uploads\/2021\/06\/Edilberta-Cruz-Regino.jpg","jetpack_sharing_enabled":true,"_links":{"self":[{"href":"https:\/\/zonaroja.com.mx\/index.php?rest_route=\/wp\/v2\/posts\/28875","targetHints":{"allow":["GET"]}}],"collection":[{"href":"https:\/\/zonaroja.com.mx\/index.php?rest_route=\/wp\/v2\/posts"}],"about":[{"href":"https:\/\/zonaroja.com.mx\/index.php?rest_route=\/wp\/v2\/types\/post"}],"author":[{"embeddable":true,"href":"https:\/\/zonaroja.com.mx\/index.php?rest_route=\/wp\/v2\/users\/2"}],"replies":[{"embeddable":true,"href":"https:\/\/zonaroja.com.mx\/index.php?rest_route=%2Fwp%2Fv2%2Fcomments&post=28875"}],"version-history":[{"count":1,"href":"https:\/\/zonaroja.com.mx\/index.php?rest_route=\/wp\/v2\/posts\/28875\/revisions"}],"predecessor-version":[{"id":28877,"href":"https:\/\/zonaroja.com.mx\/index.php?rest_route=\/wp\/v2\/posts\/28875\/revisions\/28877"}],"wp:featuredmedia":[{"embeddable":true,"href":"https:\/\/zonaroja.com.mx\/index.php?rest_route=\/wp\/v2\/media\/28876"}],"wp:attachment":[{"href":"https:\/\/zonaroja.com.mx\/index.php?rest_route=%2Fwp%2Fv2%2Fmedia&parent=28875"}],"wp:term":[{"taxonomy":"category","embeddable":true,"href":"https:\/\/zonaroja.com.mx\/index.php?rest_route=%2Fwp%2Fv2%2Fcategories&post=28875"},{"taxonomy":"post_tag","embeddable":true,"href":"https:\/\/zonaroja.com.mx\/index.php?rest_route=%2Fwp%2Fv2%2Ftags&post=28875"}],"curies":[{"name":"wp","href":"https:\/\/api.w.org\/{rel}","templated":true}]}}