{"id":2888,"date":"2019-08-07T16:27:33","date_gmt":"2019-08-07T21:27:33","guid":{"rendered":"http:\/\/www.zonaroja.com.mx\/?p=2888"},"modified":"2019-08-07T16:27:36","modified_gmt":"2019-08-07T21:27:36","slug":"siguen-ataques-contra-indigenas-y-defensores-de-derechos-en-oaxaca","status":"publish","type":"post","link":"https:\/\/zonaroja.com.mx\/?p=2888","title":{"rendered":"Siguen ataques contra ind\u00edgenas y defensores de derechos en Oaxaca"},"content":{"rendered":"\n<p>Redacci\u00f3n\/Zona\nRoja.<\/p>\n\n\n\n<p>Oaxaca de\nJu\u00e1rez, Oax., 7 de agosto de 2019.- En Oaxaca de enero a octubre de 2017 hubo\n113 agravios contra 101 personas defensoras de derechos humanos; 62 de estos\nataques, es decir 55 por ciento, fueron contra defensoras y defensores\nparticipantes en organizaciones ind\u00edgenas.<\/p>\n\n\n\n<p>Ass\u00ed lo\ndenunci\u00f3 el Vicecoordinador del Partido Morena en el Congreso local, Horacio\nSosa Villavicencio, quien pidi\u00f3 al Senado de la Rep\u00fablica la ratificaci\u00f3n del\n\u201cAcuerdo de Escaz\u00fa\u201d, con lo cual se garantizar\u00eda el derecho de todas las\npersonas a tener acceso a la informaci\u00f3n ambiental, a participar de manera\nsignificativa en las pol\u00edticas ambientales, y a acceder a la justicia cuando\nestos derechos ambientales hayan sido vulnerados.<\/p>\n\n\n\n<p>Sosa\nVillavicencio mencion\u00f3 que los pueblos y comunidades ind\u00edgenas son los\nprincipales protectores del medio ambiente y de los recursos naturales que\nbenefician a toda la humanidad, situaci\u00f3n que los coloca en escenarios\nviolentos y tr\u00e1gicos para desempe\u00f1ar su labor.<\/p>\n\n\n\n<p>\u201cEn el marco\ndel D\u00eda Internacional de los Pueblos Ind\u00edgenas, que se celebra este 9 de\nagosto, en reconocimiento al trabajo que los pueblos y comunidades ind\u00edgenas\nhan realizado y realizan en defensa y protecci\u00f3n del medio ambiente, debemos\nrefrendar nuestro apoyo a su lucha\u201d, dijo el legislador.<\/p>\n\n\n\n<p>El \u201cAcuerdo\nde Escaz\u00fa\u201d fue firmado anteriormente por M\u00e9xico, pese a ello, el Senado de la\nRepublica no ha dado paso a la ratificaci\u00f3n de dicho acuerdo, por ello la\npetici\u00f3n de Sosa Villavicencio, la cual ser\u00e1 analizada para su posible\naprobaci\u00f3n en d\u00edas pr\u00f3ximos.<\/p>\n","protected":false},"excerpt":{"rendered":"<p>Redacci\u00f3n\/Zona Roja. Oaxaca de Ju\u00e1rez, Oax., 7 de agosto de 2019.- En Oaxaca de enero&hellip;<\/p>\n","protected":false},"author":2,"featured_media":2889,"comment_status":"closed","ping_status":"open","sticky":false,"template":"","format":"standard","meta":{"_lmt_disableupdate":"","_lmt_disable":"","_jetpack_memberships_contains_paid_content":false,"footnotes":""},"categories":[109,47],"tags":[444],"class_list":["post-2888","post","type-post","status-publish","format-standard","has-post-thumbnail","hentry","category-minuto-a-minuto","category-zona-gris","tag-horacio-sosa-villavicencio"],"jetpack_featured_media_url":"https:\/\/zonaroja.com.mx\/wp-content\/uploads\/2019\/08\/Horacio-Sosa.jpg","jetpack_sharing_enabled":true,"_links":{"self":[{"href":"https:\/\/zonaroja.com.mx\/index.php?rest_route=\/wp\/v2\/posts\/2888","targetHints":{"allow":["GET"]}}],"collection":[{"href":"https:\/\/zonaroja.com.mx\/index.php?rest_route=\/wp\/v2\/posts"}],"about":[{"href":"https:\/\/zonaroja.com.mx\/index.php?rest_route=\/wp\/v2\/types\/post"}],"author":[{"embeddable":true,"href":"https:\/\/zonaroja.com.mx\/index.php?rest_route=\/wp\/v2\/users\/2"}],"replies":[{"embeddable":true,"href":"https:\/\/zonaroja.com.mx\/index.php?rest_route=%2Fwp%2Fv2%2Fcomments&post=2888"}],"version-history":[{"count":1,"href":"https:\/\/zonaroja.com.mx\/index.php?rest_route=\/wp\/v2\/posts\/2888\/revisions"}],"predecessor-version":[{"id":2890,"href":"https:\/\/zonaroja.com.mx\/index.php?rest_route=\/wp\/v2\/posts\/2888\/revisions\/2890"}],"wp:featuredmedia":[{"embeddable":true,"href":"https:\/\/zonaroja.com.mx\/index.php?rest_route=\/wp\/v2\/media\/2889"}],"wp:attachment":[{"href":"https:\/\/zonaroja.com.mx\/index.php?rest_route=%2Fwp%2Fv2%2Fmedia&parent=2888"}],"wp:term":[{"taxonomy":"category","embeddable":true,"href":"https:\/\/zonaroja.com.mx\/index.php?rest_route=%2Fwp%2Fv2%2Fcategories&post=2888"},{"taxonomy":"post_tag","embeddable":true,"href":"https:\/\/zonaroja.com.mx\/index.php?rest_route=%2Fwp%2Fv2%2Ftags&post=2888"}],"curies":[{"name":"wp","href":"https:\/\/api.w.org\/{rel}","templated":true}]}}