{"id":28882,"date":"2021-06-22T22:23:29","date_gmt":"2021-06-23T03:23:29","guid":{"rendered":"http:\/\/www.zonaroja.com.mx\/?p=28882"},"modified":"2021-06-22T22:23:31","modified_gmt":"2021-06-23T03:23:31","slug":"escala-crisis-en-hospital-civil-de-oaxaca-preven-paro-de-labores-manana","status":"publish","type":"post","link":"https:\/\/zonaroja.com.mx\/?p=28882","title":{"rendered":"Escala crisis en Hospital Civil de Oaxaca; prev\u00e9n paro de labores ma\u00f1ana"},"content":{"rendered":"\n<p>Redacci\u00f3n\/Zona Roja.<\/p>\n\n\n\n<p>Oaxaca de Ju\u00e1rez, Oax., 22 de junio de 2021.- Ante m\u00faltiples quejas por el p\u00e9simo estado de la infraestructura f\u00edsica, nulo mantenimiento y la falta de materiales de trabajo, sindicalizados del Hospital Civil \u201cDr. Aurelio Valdivieso\u201d de la capital de Oaxaca prev\u00e9n parar labores ma\u00f1ana.<\/p>\n\n\n\n<p>Y es que este martes, acusaron que se descompuso el \u00fanico elevador que existe en dicho nosocomio, el m\u00e1s grande de servicio p\u00fablico en la entidad, por lo cual los pacientes tienen que ser cargados en camilla para trasladarlos a otro piso.<\/p>\n\n\n\n<p>De acuerdo con las denuncias, los responsables de las fallas y nula atenci\u00f3n a la infraestructura son el director Seraf\u00edn L\u00f3pez Concha; el administrador Tom\u00e1s Jim\u00e9nez Z\u00e1rate, y los responsables de las finanzas, Olga Pacheco y Omar Aquino.<\/p>\n\n\n\n<p>En tanto que el \u00e1rea de cajas tambi\u00e9n cerr\u00f3 hoy, en respaldo a los dem\u00e1s trabajadores, seg\u00fan inform\u00f3 Rosa Mar\u00eda Leyva Osorio, jefa del \u00e1rea de Cajas.<\/p>\n\n\n\n<p>Seg\u00fan el dirigente de la Subsecci\u00f3n 07, de la Secci\u00f3n 35 del Sindicato Nacional de Trabajadores de la Secretar\u00eda de Salud, Alberto V\u00e1squez San Germ\u00e1n, son tres elevadores con que cuenta el nosocomio, pero desde hace meses dos de ellos no sirven.<\/p>\n\n\n\n<p>Adelant\u00f3 que valoran realizar este martes un paro de labores generalizado, sin afectar el \u00e1rea de urgencias, con la finalidad de que el titular de los Servicios de Salud, Juan Carlos M\u00e1rquez Heine, responsa a las necesidades.<\/p>\n","protected":false},"excerpt":{"rendered":"<p>Redacci\u00f3n\/Zona Roja. Oaxaca de Ju\u00e1rez, Oax., 22 de junio de 2021.- Ante m\u00faltiples quejas por&hellip;<\/p>\n","protected":false},"author":2,"featured_media":28883,"comment_status":"closed","ping_status":"open","sticky":false,"template":"","format":"standard","meta":{"_lmt_disableupdate":"","_lmt_disable":"","_jetpack_memberships_contains_paid_content":false,"footnotes":""},"categories":[109,47],"tags":[781],"class_list":["post-28882","post","type-post","status-publish","format-standard","has-post-thumbnail","hentry","category-minuto-a-minuto","category-zona-gris","tag-hospital-civil-dr-aurelio-valdivieso-de-oaxaca"],"jetpack_featured_media_url":"https:\/\/zonaroja.com.mx\/wp-content\/uploads\/2021\/06\/Elevadores-Hospital-Civil.jpg","jetpack_sharing_enabled":true,"_links":{"self":[{"href":"https:\/\/zonaroja.com.mx\/index.php?rest_route=\/wp\/v2\/posts\/28882","targetHints":{"allow":["GET"]}}],"collection":[{"href":"https:\/\/zonaroja.com.mx\/index.php?rest_route=\/wp\/v2\/posts"}],"about":[{"href":"https:\/\/zonaroja.com.mx\/index.php?rest_route=\/wp\/v2\/types\/post"}],"author":[{"embeddable":true,"href":"https:\/\/zonaroja.com.mx\/index.php?rest_route=\/wp\/v2\/users\/2"}],"replies":[{"embeddable":true,"href":"https:\/\/zonaroja.com.mx\/index.php?rest_route=%2Fwp%2Fv2%2Fcomments&post=28882"}],"version-history":[{"count":1,"href":"https:\/\/zonaroja.com.mx\/index.php?rest_route=\/wp\/v2\/posts\/28882\/revisions"}],"predecessor-version":[{"id":28884,"href":"https:\/\/zonaroja.com.mx\/index.php?rest_route=\/wp\/v2\/posts\/28882\/revisions\/28884"}],"wp:featuredmedia":[{"embeddable":true,"href":"https:\/\/zonaroja.com.mx\/index.php?rest_route=\/wp\/v2\/media\/28883"}],"wp:attachment":[{"href":"https:\/\/zonaroja.com.mx\/index.php?rest_route=%2Fwp%2Fv2%2Fmedia&parent=28882"}],"wp:term":[{"taxonomy":"category","embeddable":true,"href":"https:\/\/zonaroja.com.mx\/index.php?rest_route=%2Fwp%2Fv2%2Fcategories&post=28882"},{"taxonomy":"post_tag","embeddable":true,"href":"https:\/\/zonaroja.com.mx\/index.php?rest_route=%2Fwp%2Fv2%2Ftags&post=28882"}],"curies":[{"name":"wp","href":"https:\/\/api.w.org\/{rel}","templated":true}]}}