{"id":28885,"date":"2021-06-22T22:31:01","date_gmt":"2021-06-23T03:31:01","guid":{"rendered":"http:\/\/www.zonaroja.com.mx\/?p=28885"},"modified":"2021-06-22T22:31:03","modified_gmt":"2021-06-23T03:31:03","slug":"registra-oaxaca-56-casos-nuevos-y-9-defunciones-por-covid-19","status":"publish","type":"post","link":"https:\/\/zonaroja.com.mx\/?p=28885","title":{"rendered":"Registra Oaxaca 56 casos nuevos y 9 defunciones por Covid-19"},"content":{"rendered":"\n<p>Redacci\u00f3n\/Zona Roja.<\/p>\n\n\n\n<p>Oaxaca de Ju\u00e1rez, Oax. 22 de junio de 2021.- Los Servicios de Salud de Oaxaca (SSO), informan que, al corte de este martes 22 de junio, se han contabilizado 56 casos nuevos de Covid-19, y nueve defunciones, que suman 48 mil 25 casos acumulados y tres mil 907 defunciones, hay 218 casos activos.<\/p>\n\n\n\n<p>Detallaron que se han notificado 82 mil 94 casos, de los cuales 29 mil 169 han sido negativos, hay cuatro mil 900 sospechosos y 43 mil 900 se han recuperado.<\/p>\n\n\n\n<p>La Jurisdicci\u00f3n Sanitaria n\u00famero uno Valles Centrales, contabiliza 32 mil 383 casos confirmados y mil 909 defunciones, Istmo cuatro mil 343 casos confirmados y 715 defunciones, Tuxtepec dos mil 963 casos confirmados y 354 defunciones, Costa dos mil 529 casos confirmados y 300 defunciones, Mixteca cuatro mil 68 casos confirmados y 404 defunciones, Sierra mil 739 casos confirmados y 225 defunciones.<\/p>\n\n\n\n<figure class=\"wp-block-embed-twitter wp-block-embed is-type-rich is-provider-twitter\"><div class=\"wp-block-embed__wrapper\">\n<div class=\"twitter-tweet\"><blockquote class=\"twitter-tweet\" data-lang=\"es\"><p lang=\"es\" dir=\"ltr\"><a href=\"https:\/\/twitter.com\/hashtag\/%C3%9AltimoMinuto?src=hash&amp;ref_src=twsrc%5Etfw\">#\u00daltimoMinuto<\/a><br>En el caso de <a href=\"https:\/\/twitter.com\/hashtag\/Oaxaca?src=hash&amp;ref_src=twsrc%5Etfw\">#Oaxaca<\/a>, los Servicios de Salud reportaron este martes 9 personas fallecidas a causa del Covid, con lo que suman tres mil 907 decesos.<br>De la misma manera, 56 casos positivos, para un total de 48 mil 25 casos confirmados.<a href=\"https:\/\/twitter.com\/hashtag\/Qu%C3%A9dateEnCasa?src=hash&amp;ref_src=twsrc%5Etfw\">#Qu\u00e9dateEnCasa<\/a> <a href=\"https:\/\/t.co\/aaGupChP69\">pic.twitter.com\/aaGupChP69<\/a><\/p>&mdash; Zona Roja Oaxaca (@Zona_Roja_Oax) <a href=\"https:\/\/twitter.com\/Zona_Roja_Oax\/status\/1407512915318542339?ref_src=twsrc%5Etfw\">23 de junio de 2021<\/a><\/blockquote><\/div>\n<\/div><\/figure>\n\n\n\n<p>Los 56 casos nuevos afectan a 28 municipios, siendo el de Oaxaca de Ju\u00e1rez el que ocupa el primer lugar con 10 casos nuevos, seguido de Juchit\u00e1n de Zaragoza con cinco, Santo Domingo Ingenio cuatro, Ciudad Ixtepec, Salina Cruz, Santa Luc\u00eda del Camino y Santo Domingo Tehuantepec tres cada uno, el resto dos y un caso.<\/p>\n\n\n\n<p>En relaci\u00f3n a la ocupaci\u00f3n hospitalaria global hay un 17.3%, tres hospitales se encuentran al 100% y tres nuevos hospitalizados, 64 camas est\u00e1n ocupadas de un total de 371 y disponibles 307.<\/p>\n\n\n\n<p>Por Jurisdicci\u00f3n Sanitaria, Valles Centrales registra un 14.8%, Istmo 16%, Tuxtepec 30%, Costa 37.5%, Mixteca 7.4% y Sierra 0%.<\/p>\n","protected":false},"excerpt":{"rendered":"<p>Redacci\u00f3n\/Zona Roja. Oaxaca de Ju\u00e1rez, Oax. 22 de junio de 2021.- Los Servicios de Salud&hellip;<\/p>\n","protected":false},"author":2,"featured_media":28886,"comment_status":"closed","ping_status":"open","sticky":false,"template":"","format":"standard","meta":{"_lmt_disableupdate":"","_lmt_disable":"","_jetpack_memberships_contains_paid_content":false,"footnotes":""},"categories":[109,47],"tags":[1512],"class_list":["post-28885","post","type-post","status-publish","format-standard","has-post-thumbnail","hentry","category-minuto-a-minuto","category-zona-gris","tag-coronavirus-oaxaca"],"jetpack_featured_media_url":"https:\/\/zonaroja.com.mx\/wp-content\/uploads\/2021\/06\/SSO-1.jpg","jetpack_sharing_enabled":true,"_links":{"self":[{"href":"https:\/\/zonaroja.com.mx\/index.php?rest_route=\/wp\/v2\/posts\/28885","targetHints":{"allow":["GET"]}}],"collection":[{"href":"https:\/\/zonaroja.com.mx\/index.php?rest_route=\/wp\/v2\/posts"}],"about":[{"href":"https:\/\/zonaroja.com.mx\/index.php?rest_route=\/wp\/v2\/types\/post"}],"author":[{"embeddable":true,"href":"https:\/\/zonaroja.com.mx\/index.php?rest_route=\/wp\/v2\/users\/2"}],"replies":[{"embeddable":true,"href":"https:\/\/zonaroja.com.mx\/index.php?rest_route=%2Fwp%2Fv2%2Fcomments&post=28885"}],"version-history":[{"count":1,"href":"https:\/\/zonaroja.com.mx\/index.php?rest_route=\/wp\/v2\/posts\/28885\/revisions"}],"predecessor-version":[{"id":28887,"href":"https:\/\/zonaroja.com.mx\/index.php?rest_route=\/wp\/v2\/posts\/28885\/revisions\/28887"}],"wp:featuredmedia":[{"embeddable":true,"href":"https:\/\/zonaroja.com.mx\/index.php?rest_route=\/wp\/v2\/media\/28886"}],"wp:attachment":[{"href":"https:\/\/zonaroja.com.mx\/index.php?rest_route=%2Fwp%2Fv2%2Fmedia&parent=28885"}],"wp:term":[{"taxonomy":"category","embeddable":true,"href":"https:\/\/zonaroja.com.mx\/index.php?rest_route=%2Fwp%2Fv2%2Fcategories&post=28885"},{"taxonomy":"post_tag","embeddable":true,"href":"https:\/\/zonaroja.com.mx\/index.php?rest_route=%2Fwp%2Fv2%2Ftags&post=28885"}],"curies":[{"name":"wp","href":"https:\/\/api.w.org\/{rel}","templated":true}]}}