{"id":28892,"date":"2021-06-23T08:22:37","date_gmt":"2021-06-23T13:22:37","guid":{"rendered":"http:\/\/www.zonaroja.com.mx\/?p=28892"},"modified":"2021-06-23T08:22:39","modified_gmt":"2021-06-23T13:22:39","slug":"prioriza-el-ieepo-cultura-de-prevencion-en-materia-de-proteccion-civil","status":"publish","type":"post","link":"https:\/\/zonaroja.com.mx\/?p=28892","title":{"rendered":"Prioriza el IEEPO cultura de prevenci\u00f3n en materia de protecci\u00f3n civil"},"content":{"rendered":"\n<p>Redacci\u00f3n\/Zona Roja.<\/p>\n\n\n\n<p>Oaxaca de Ju\u00e1rez, Oax. 23 de junio de 2021.- Con el prop\u00f3sito de contribuir a la consolidaci\u00f3n de una cultura de la prevenci\u00f3n y saber qu\u00e9 hacer en caso de una emergencia o fen\u00f3meno natural como son los sismos, el Instituto Estatal de Educaci\u00f3n P\u00fablica de Oaxaca (IEEPO), promueve actividades y acciones preventivas que generen conciencia de la pr\u00e1ctica efectiva de protocolos preestablecidos para salvaguardar la seguridad y la vida.<\/p>\n\n\n\n<p>En el marco del Primer Simulacro Nacional 2021, atendiendo las instrucciones del gobernador Alejandro Murat Hinojosa y del director general, Francisco \u00c1ngel Villarreal, personal administrativo y la comunidad escolar pusieron en pr\u00e1ctica los conocimientos adquiridos en la materia y evaluaron la capacidad de reacci\u00f3n.<\/p>\n\n\n\n<p>En entrevista, el director administrativo del IEEPO, Manuel Enrique M\u00e1rquez Zamora, se\u00f1al\u00f3 que el ejercicio permiti\u00f3 desarrollar y constatar la capacidad de organizaci\u00f3n en los inmuebles, adem\u00e1s de que destac\u00f3 la responsabilidad y compromiso de trabajadoras y trabajadores en activo quienes de manera ordenada, sin dejar de lado el tema de los protocolos por la pandemia sanitaria, siguieron las indicaciones.<\/p>\n\n\n\n<p>Explic\u00f3, que durante el Primer Simulacro Nacional 2021, los edificios del Instituto se desalojaron sin contratiempos, se logr\u00f3 mantener el tiempo de salida de las personas y las brigadas llevaron a cabo correctamente su funci\u00f3n.<\/p>\n\n\n\n<p>Por su parte, personal que particip\u00f3 en el simulacro del sismo, consider\u00f3 de relevante importancia llevar a cabo estos ejercicios preventivos que ayudan a tener claridad en el actuar y fortalecer la cultura de protecci\u00f3n civil en caso de alguna emergencia, adem\u00e1s de que son conocimientos que se pueden replicar con la familia y seres queridos.<\/p>\n\n\n\n<p>De acuerdo a lo establecido en la Gu\u00eda para elaborar o actualizar el Programa Escolar de Protecci\u00f3n Civil, dise\u00f1ada a nivel nacional por el Gobierno Federal, cada plantel educativo debe contar con un Comit\u00e9 de Seguridad y Emergencia Escolar que adem\u00e1s de ser obligatorios conforme lo establecido en la Ley General de Protecci\u00f3n Civil y su similar a nivel estatal, est\u00e1n integrados por los directivos de cada escuela, docentes y padres de familia, quienes de manera conjunta elaboran un Plan Escolar de Reducci\u00f3n de Riesgos.<\/p>\n\n\n\n<p>En caso de requerir capacitaci\u00f3n sobre el tema, las y los interesados pueden requerir el apoyo a trav\u00e9s del \u00c1rea de Protecci\u00f3n Civil y Emergencia Escolar y recibir la actualizaci\u00f3n a distancia; para ello, se encuentra disponible el tel\u00e9fono 143 31 76 y el correo electr\u00f3nico pc_emergenciaescolar@hotmail.com.<\/p>\n","protected":false},"excerpt":{"rendered":"<p>Redacci\u00f3n\/Zona Roja. Oaxaca de Ju\u00e1rez, Oax. 23 de junio de 2021.- Con el prop\u00f3sito de&hellip;<\/p>\n","protected":false},"author":2,"featured_media":28893,"comment_status":"closed","ping_status":"open","sticky":false,"template":"","format":"standard","meta":{"_lmt_disableupdate":"","_lmt_disable":"","_jetpack_memberships_contains_paid_content":false,"footnotes":""},"categories":[109,46],"tags":[599],"class_list":["post-28892","post","type-post","status-publish","format-standard","has-post-thumbnail","hentry","category-minuto-a-minuto","category-zona-blanca","tag-instituto-estatal-de-educacion-publica-de-oaxaca"],"jetpack_featured_media_url":"https:\/\/zonaroja.com.mx\/wp-content\/uploads\/2021\/06\/03-IEEPO.jpg","jetpack_sharing_enabled":true,"_links":{"self":[{"href":"https:\/\/zonaroja.com.mx\/index.php?rest_route=\/wp\/v2\/posts\/28892","targetHints":{"allow":["GET"]}}],"collection":[{"href":"https:\/\/zonaroja.com.mx\/index.php?rest_route=\/wp\/v2\/posts"}],"about":[{"href":"https:\/\/zonaroja.com.mx\/index.php?rest_route=\/wp\/v2\/types\/post"}],"author":[{"embeddable":true,"href":"https:\/\/zonaroja.com.mx\/index.php?rest_route=\/wp\/v2\/users\/2"}],"replies":[{"embeddable":true,"href":"https:\/\/zonaroja.com.mx\/index.php?rest_route=%2Fwp%2Fv2%2Fcomments&post=28892"}],"version-history":[{"count":1,"href":"https:\/\/zonaroja.com.mx\/index.php?rest_route=\/wp\/v2\/posts\/28892\/revisions"}],"predecessor-version":[{"id":28894,"href":"https:\/\/zonaroja.com.mx\/index.php?rest_route=\/wp\/v2\/posts\/28892\/revisions\/28894"}],"wp:featuredmedia":[{"embeddable":true,"href":"https:\/\/zonaroja.com.mx\/index.php?rest_route=\/wp\/v2\/media\/28893"}],"wp:attachment":[{"href":"https:\/\/zonaroja.com.mx\/index.php?rest_route=%2Fwp%2Fv2%2Fmedia&parent=28892"}],"wp:term":[{"taxonomy":"category","embeddable":true,"href":"https:\/\/zonaroja.com.mx\/index.php?rest_route=%2Fwp%2Fv2%2Fcategories&post=28892"},{"taxonomy":"post_tag","embeddable":true,"href":"https:\/\/zonaroja.com.mx\/index.php?rest_route=%2Fwp%2Fv2%2Ftags&post=28892"}],"curies":[{"name":"wp","href":"https:\/\/api.w.org\/{rel}","templated":true}]}}