{"id":28895,"date":"2021-06-23T10:19:11","date_gmt":"2021-06-23T15:19:11","guid":{"rendered":"http:\/\/www.zonaroja.com.mx\/?p=28895"},"modified":"2021-06-23T10:19:13","modified_gmt":"2021-06-23T15:19:13","slug":"exhorta-congreso-al-ieepco-respetar-triunfo-de-candidato-no-registrado-en-teposcolula","status":"publish","type":"post","link":"https:\/\/zonaroja.com.mx\/?p=28895","title":{"rendered":"Exhorta Congreso al IEEPCO respetar triunfo de candidato no registrado en Teposcolula"},"content":{"rendered":"\n<p>Redacci\u00f3n\/Zona Roja.<\/p>\n\n\n\n<p>Oaxaca de Ju\u00e1rez, Oax., 23 de junio de 2021.- El Congreso del Estado aprob\u00f3 un exhorto en que pide al Instituto Estatal Electoral y de Participaci\u00f3n Ciudadana de Oaxaca (IEEPCO), hacer efectivo los derechos pol\u00edticos-electorales del ciudadano Adalberto Reyes \u00c1vila, quien result\u00f3 electo como presidente municipal en San Pedro y San Pablo Teposcolula.<\/p>\n\n\n\n<p>Mediante un punto de acuerdo propuesto por el diputado Horacio Sosa Villavicencio, solicit\u00f3 a la autoridad electoral&nbsp; reconocer, en el \u00e1mbito de sus competencias y facultades, el triunfo del ciudadano Adalberto Reyes, candidato no registrado en esa poblaci\u00f3n durante el proceso electoral 2020-2021.<\/p>\n\n\n\n<p>El exhorto pide al IEEPCO resolver conforme a derecho y otorgue la Constancia de Mayor\u00eda y Validez correspondiente, al ciudadano que sin registrarse por un partido pol\u00edtico o por la v\u00eda independiente,&nbsp; obtuvo 883 votos para ser edil de este municipio mixteco.<\/p>\n\n\n\n<p>Es la primera vez en la entidad que el nombre escrito de una persona en el recuadro inferior de la boleta, supera los sufragios de un candidato propuesto por una instituci\u00f3n pol\u00edtica.<\/p>\n\n\n\n<p>Tal suceso ha generado un escenario complicado para el \u00f3rgano electoral, por lo que se le pide calificar apego a los principios constitucionales y respete lo expresado por los habitantes de Teposcolula el pasado 6 de junio.<\/p>\n\n\n\n<p>(Comunicado)<\/p>\n","protected":false},"excerpt":{"rendered":"<p>Redacci\u00f3n\/Zona Roja. Oaxaca de Ju\u00e1rez, Oax., 23 de junio de 2021.- El Congreso del Estado&hellip;<\/p>\n","protected":false},"author":2,"featured_media":28896,"comment_status":"closed","ping_status":"open","sticky":false,"template":"","format":"standard","meta":{"_lmt_disableupdate":"","_lmt_disable":"","_jetpack_memberships_contains_paid_content":false,"footnotes":""},"categories":[109,46],"tags":[444],"class_list":["post-28895","post","type-post","status-publish","format-standard","has-post-thumbnail","hentry","category-minuto-a-minuto","category-zona-blanca","tag-horacio-sosa-villavicencio"],"jetpack_featured_media_url":"https:\/\/zonaroja.com.mx\/wp-content\/uploads\/2021\/06\/FOTO-1-Diputado-Horacio-Sosa-Villavicencio-integrante-del-Grupo-Parlamentario-de-Morena.jpg","jetpack_sharing_enabled":true,"_links":{"self":[{"href":"https:\/\/zonaroja.com.mx\/index.php?rest_route=\/wp\/v2\/posts\/28895","targetHints":{"allow":["GET"]}}],"collection":[{"href":"https:\/\/zonaroja.com.mx\/index.php?rest_route=\/wp\/v2\/posts"}],"about":[{"href":"https:\/\/zonaroja.com.mx\/index.php?rest_route=\/wp\/v2\/types\/post"}],"author":[{"embeddable":true,"href":"https:\/\/zonaroja.com.mx\/index.php?rest_route=\/wp\/v2\/users\/2"}],"replies":[{"embeddable":true,"href":"https:\/\/zonaroja.com.mx\/index.php?rest_route=%2Fwp%2Fv2%2Fcomments&post=28895"}],"version-history":[{"count":1,"href":"https:\/\/zonaroja.com.mx\/index.php?rest_route=\/wp\/v2\/posts\/28895\/revisions"}],"predecessor-version":[{"id":28897,"href":"https:\/\/zonaroja.com.mx\/index.php?rest_route=\/wp\/v2\/posts\/28895\/revisions\/28897"}],"wp:featuredmedia":[{"embeddable":true,"href":"https:\/\/zonaroja.com.mx\/index.php?rest_route=\/wp\/v2\/media\/28896"}],"wp:attachment":[{"href":"https:\/\/zonaroja.com.mx\/index.php?rest_route=%2Fwp%2Fv2%2Fmedia&parent=28895"}],"wp:term":[{"taxonomy":"category","embeddable":true,"href":"https:\/\/zonaroja.com.mx\/index.php?rest_route=%2Fwp%2Fv2%2Fcategories&post=28895"},{"taxonomy":"post_tag","embeddable":true,"href":"https:\/\/zonaroja.com.mx\/index.php?rest_route=%2Fwp%2Fv2%2Ftags&post=28895"}],"curies":[{"name":"wp","href":"https:\/\/api.w.org\/{rel}","templated":true}]}}