{"id":28898,"date":"2021-06-23T10:35:05","date_gmt":"2021-06-23T15:35:05","guid":{"rendered":"http:\/\/www.zonaroja.com.mx\/?p=28898"},"modified":"2021-06-23T10:35:07","modified_gmt":"2021-06-23T15:35:07","slug":"afirma-sspo-que-oaxaca-esta-dentro-de-los-8-estados-mas-seguros-del-pais","status":"publish","type":"post","link":"https:\/\/zonaroja.com.mx\/?p=28898","title":{"rendered":"Afirma SSPO que Oaxaca est\u00e1 dentro de los 8 estados m\u00e1s seguros del pa\u00eds"},"content":{"rendered":"\n<p>Redaccion\/Zona Roja.<\/p>\n\n\n\n<p>Oaxaca de Ju\u00e1rez, Oax., 23 de junio de 2021.- La Secretar\u00eda de Seguridad P\u00fablica de Oaxaca (SSP), que encabeza Heliodoro Carlos D\u00edaz Esc\u00e1rraga, inform\u00f3 que de acuerdo con el \u00faltimo corte del Secretariado Ejecutivo del Sistema Nacional de Seguridad P\u00fablica (SESNSP), el estado de Oaxaca se encuentra dentro de los ocho m\u00e1s seguros del pa\u00eds, por cada 100 mil habitantes.<\/p>\n\n\n\n<p>La publicaci\u00f3n de las cifras de incidencia delictiva refleja una tendencia a la baja en nueve de los 12 delitos prioritarios del fuero com\u00fan y una incidencia por cada 100 mil habitantes por debajo de la media nacional en 11 de ellos.<\/p>\n\n\n\n<p>Seg\u00fan los datos del informe, en el primer cuatrimestre del a\u00f1o, en Oaxaca se registraron 332.1 delitos del fuero com\u00fan por cada 100 mil habitantes, es decir, 35% por debajo de la media nacional que es de 508.7 delitos; tan s\u00f3lo en el \u00faltimo corte incidencia delictiva en la entidad fue un 39% menor al promedio nacional.<\/p>\n\n\n\n<p>Las cifras muestran un avance importante en el combate a delitos como robo de veh\u00edculos, el delito de robo, delito de extorsi\u00f3n, entre otros; donde se ha logrado que Oaxaca sea uno de los estados m\u00e1s seguros del pa\u00eds.<\/p>\n\n\n\n<p>El estado de Oaxaca ha logrado bajar los \u00edndices delictivos gracias a la estrategia de seguridad coordinada entre polic\u00edas municipales, estatales, elementos de procuraci\u00f3n de justicia, de la Guardia Nacional, de la Secretar\u00eda de la Defensa Nacional y Marina, quienes est\u00e1n comprometidos con la ciudadan\u00eda.<\/p>\n","protected":false},"excerpt":{"rendered":"<p>Redaccion\/Zona Roja. Oaxaca de Ju\u00e1rez, Oax., 23 de junio de 2021.- La Secretar\u00eda de Seguridad&hellip;<\/p>\n","protected":false},"author":2,"featured_media":28899,"comment_status":"closed","ping_status":"open","sticky":false,"template":"","format":"standard","meta":{"_lmt_disableupdate":"","_lmt_disable":"","_jetpack_memberships_contains_paid_content":false,"footnotes":""},"categories":[109,46],"tags":[175],"class_list":["post-28898","post","type-post","status-publish","format-standard","has-post-thumbnail","hentry","category-minuto-a-minuto","category-zona-blanca","tag-secretaria-de-seguridad-publica-de-oaxaca"],"jetpack_featured_media_url":"https:\/\/zonaroja.com.mx\/wp-content\/uploads\/2021\/06\/Seguridad-Oaxaca-indices-delictivos.png","jetpack_sharing_enabled":true,"_links":{"self":[{"href":"https:\/\/zonaroja.com.mx\/index.php?rest_route=\/wp\/v2\/posts\/28898","targetHints":{"allow":["GET"]}}],"collection":[{"href":"https:\/\/zonaroja.com.mx\/index.php?rest_route=\/wp\/v2\/posts"}],"about":[{"href":"https:\/\/zonaroja.com.mx\/index.php?rest_route=\/wp\/v2\/types\/post"}],"author":[{"embeddable":true,"href":"https:\/\/zonaroja.com.mx\/index.php?rest_route=\/wp\/v2\/users\/2"}],"replies":[{"embeddable":true,"href":"https:\/\/zonaroja.com.mx\/index.php?rest_route=%2Fwp%2Fv2%2Fcomments&post=28898"}],"version-history":[{"count":1,"href":"https:\/\/zonaroja.com.mx\/index.php?rest_route=\/wp\/v2\/posts\/28898\/revisions"}],"predecessor-version":[{"id":28900,"href":"https:\/\/zonaroja.com.mx\/index.php?rest_route=\/wp\/v2\/posts\/28898\/revisions\/28900"}],"wp:featuredmedia":[{"embeddable":true,"href":"https:\/\/zonaroja.com.mx\/index.php?rest_route=\/wp\/v2\/media\/28899"}],"wp:attachment":[{"href":"https:\/\/zonaroja.com.mx\/index.php?rest_route=%2Fwp%2Fv2%2Fmedia&parent=28898"}],"wp:term":[{"taxonomy":"category","embeddable":true,"href":"https:\/\/zonaroja.com.mx\/index.php?rest_route=%2Fwp%2Fv2%2Fcategories&post=28898"},{"taxonomy":"post_tag","embeddable":true,"href":"https:\/\/zonaroja.com.mx\/index.php?rest_route=%2Fwp%2Fv2%2Ftags&post=28898"}],"curies":[{"name":"wp","href":"https:\/\/api.w.org\/{rel}","templated":true}]}}