{"id":28901,"date":"2021-06-23T10:43:00","date_gmt":"2021-06-23T15:43:00","guid":{"rendered":"http:\/\/www.zonaroja.com.mx\/?p=28901"},"modified":"2021-06-23T10:43:02","modified_gmt":"2021-06-23T15:43:02","slug":"cumplen-funcionarios-del-poder-judicial-con-declaracion-patrimonial-y-de-intereses","status":"publish","type":"post","link":"https:\/\/zonaroja.com.mx\/?p=28901","title":{"rendered":"Cumplen funcionarios del Poder Judicial con declaraci\u00f3n patrimonial y de intereses"},"content":{"rendered":"\n<p>Redacci\u00f3n\/Zona Roja.<\/p>\n\n\n\n<p>Oaxaca de Ju\u00e1rez, Oax., 23 de junio de 2021.- En el Poder Judicial del Estado de Oaxaca, de mil 200 servidoras y servidores p\u00fablicos inscritos en el padr\u00f3n correspondiente para realizar la Declaraci\u00f3n de Modificaci\u00f3n de Situaci\u00f3n Patrimonial y de Intereses, un total de mil 040 cumplieron en tiempo y forma durante el mes de mayo con esta obligaci\u00f3n, asumiendo as\u00ed su responsabilidad y compromiso con la transparencia, inform\u00f3 el Director de Contralor\u00eda Interna del Consejo de la Judicatura, licenciado Trinidad Coronel V\u00e1squez.<\/p>\n\n\n\n<p>Durante entrevista, explic\u00f3 que el personal que debe llevar a cabo el proceso de este instrumento de fiscalizaci\u00f3n y rendici\u00f3n de cuentas que permite analizar la evoluci\u00f3n econ\u00f3mica y de propiedades, son aquellos que se ubican en los supuestos establecidos en los art\u00edculos 48 del Acuerdo 64\/2012 y que est\u00e1n relacionados al art\u00edculo 33 de la Ley General de Responsabilidades Administrativas y 31 de la Ley de Responsabilidades Administrativas del Estado y Municipios de Oaxaca.<\/p>\n\n\n\n<p>Sobre los tipos de Declaraci\u00f3n que existen y cuando deben presentarse, indic\u00f3 que se encuentra la Inicial que corresponde realizar dentro de los 60 d\u00edas naturales contados a partir de que la o el servidor p\u00fablico haya tomado el cargo y protesta del mismo.<\/p>\n\n\n\n<p>La de Modificaci\u00f3n se presenta durante el mes de mayo del ejercicio siguiente y la declaraci\u00f3n Final dentro de los 60 d\u00edas naturales contados a partir de que la servidora o el servidor p\u00fablico haya dejado de prestar sus servicios o renunciado al respecto.<\/p>\n\n\n\n<p>\u201cEl periodo que se debe declarar si se trata obviamente de la Declaraci\u00f3n de Modificaci\u00f3n es del ejercicio inmediato anterior. El proceso es sencillo, solo acudir o entrar a la p\u00e1gina del Tribunal, requisitar los datos que se establecen en el mismo y se da por concluida la presentaci\u00f3n de la declaraci\u00f3n. En cambio, la Inicial solamente se presenta a trav\u00e9s de un formato al igual que la declaraci\u00f3n final\u201d, coment\u00f3.<\/p>\n\n\n\n<p>En cumplimiento a lo marcado por la Ley en la materia y con la finalidad de agilizar este tr\u00e1mite obligatorio, desde el a\u00f1o 2016, la Direcci\u00f3n de Planeaci\u00f3n e Inform\u00e1tica en coordinaci\u00f3n con la Direcci\u00f3n de Contralor\u00eda Interna del Poder Judicial del Estado, desarrollaron la plataforma digital para que las y los funcionarios judiciales presenten su Declaraci\u00f3n Patrimonial v\u00eda electr\u00f3nica.<\/p>\n\n\n\n<p>De esta forma, la administraci\u00f3n que preside el magistrado Eduardo Pinacho S\u00e1nchez, cumple con los mandatos federales y locales en materia de transparencia, comenzando por el personal que lo conforma, a fin de colaborar con el combate a la corrupci\u00f3n y mostrarse como una instituci\u00f3n clara, abierta y cercana a la sociedad.<\/p>\n","protected":false},"excerpt":{"rendered":"<p>Redacci\u00f3n\/Zona Roja. Oaxaca de Ju\u00e1rez, Oax., 23 de junio de 2021.- En el Poder Judicial&hellip;<\/p>\n","protected":false},"author":2,"featured_media":28903,"comment_status":"closed","ping_status":"open","sticky":false,"template":"","format":"standard","meta":{"_lmt_disableupdate":"","_lmt_disable":"","_jetpack_memberships_contains_paid_content":false,"footnotes":""},"categories":[109,46],"tags":[223],"class_list":["post-28901","post","type-post","status-publish","format-standard","has-post-thumbnail","hentry","category-minuto-a-minuto","category-zona-blanca","tag-poder-judicial-de-oaxaca"],"jetpack_featured_media_url":"https:\/\/zonaroja.com.mx\/wp-content\/uploads\/2021\/06\/Lic.-Trinidad-Coronel-Vasquez-Contralor-Interno-de-la-Judicatura.jpg","jetpack_sharing_enabled":true,"_links":{"self":[{"href":"https:\/\/zonaroja.com.mx\/index.php?rest_route=\/wp\/v2\/posts\/28901","targetHints":{"allow":["GET"]}}],"collection":[{"href":"https:\/\/zonaroja.com.mx\/index.php?rest_route=\/wp\/v2\/posts"}],"about":[{"href":"https:\/\/zonaroja.com.mx\/index.php?rest_route=\/wp\/v2\/types\/post"}],"author":[{"embeddable":true,"href":"https:\/\/zonaroja.com.mx\/index.php?rest_route=\/wp\/v2\/users\/2"}],"replies":[{"embeddable":true,"href":"https:\/\/zonaroja.com.mx\/index.php?rest_route=%2Fwp%2Fv2%2Fcomments&post=28901"}],"version-history":[{"count":1,"href":"https:\/\/zonaroja.com.mx\/index.php?rest_route=\/wp\/v2\/posts\/28901\/revisions"}],"predecessor-version":[{"id":28904,"href":"https:\/\/zonaroja.com.mx\/index.php?rest_route=\/wp\/v2\/posts\/28901\/revisions\/28904"}],"wp:featuredmedia":[{"embeddable":true,"href":"https:\/\/zonaroja.com.mx\/index.php?rest_route=\/wp\/v2\/media\/28903"}],"wp:attachment":[{"href":"https:\/\/zonaroja.com.mx\/index.php?rest_route=%2Fwp%2Fv2%2Fmedia&parent=28901"}],"wp:term":[{"taxonomy":"category","embeddable":true,"href":"https:\/\/zonaroja.com.mx\/index.php?rest_route=%2Fwp%2Fv2%2Fcategories&post=28901"},{"taxonomy":"post_tag","embeddable":true,"href":"https:\/\/zonaroja.com.mx\/index.php?rest_route=%2Fwp%2Fv2%2Ftags&post=28901"}],"curies":[{"name":"wp","href":"https:\/\/api.w.org\/{rel}","templated":true}]}}