{"id":28908,"date":"2021-06-23T15:56:53","date_gmt":"2021-06-23T20:56:53","guid":{"rendered":"http:\/\/www.zonaroja.com.mx\/?p=28908"},"modified":"2021-06-23T15:56:56","modified_gmt":"2021-06-23T20:56:56","slug":"comerciantes-de-juchitan-lamentan-engano-de-titular-de-segego","status":"publish","type":"post","link":"https:\/\/zonaroja.com.mx\/?p=28908","title":{"rendered":"Comerciantes de Juchit\u00e1n lamentan enga\u00f1o de titular de Segego"},"content":{"rendered":"\n<p>Evlin Arag\u00f3n\/Zona Roja.<\/p>\n\n\n\n<p>Oaxaca de Ju\u00e1rez, Oax., 23 de junio de 2021.- Comerciantes de Juchit\u00e1n de Zaragoza arribaron este mi\u00e9rcoles a la capital de Oaxaca, para exigir atenci\u00f3n por parte de las autoridades estatales, de manera particular de su paisano Francisco Garc\u00eda L\u00f3pez, secretario General de Gobierno.&nbsp;<\/p>\n\n\n\n<p>Previo a su movilizaci\u00f3n de este d\u00eda, las y los locatarios del mercado municipal hicieron presencia en la Ciudad de M\u00e9xico con la intenci\u00f3n de ser escuchados por el presidente Andr\u00e9s Manuel L\u00f3pez Obrador,&nbsp;<\/p>\n\n\n\n<p>De acuerdo con Fidel Silva Antonio, no existe una respuesta favorable por parte de su paisano y tambi\u00e9n funcionario de primer nivel, quien, a pesar de recibir la instrucci\u00f3n del gobernador de Oaxaca, Alejandro Murat Hinojosa, para que d\u00e9 soluci\u00f3n al problema, se ha negado.&nbsp;<\/p>\n\n\n\n<p>\u201c\u00c9l es el que no nos ha dado la cara y no nos ha dicho por qu\u00e9 no nos ha apoyado\u201d, indic\u00f3; mientras otras comerciantes aseguraron tener cita con el funcionario, este mi\u00e9rcoles, a las seis de la tarde.&nbsp;<\/p>\n\n\n\n<p>Silva Antonio indic\u00f3 que son conscientes y no est\u00e1n pidiendo que se les apoye con el total de la perdida, sino con una parte que les permita echar a andar sus establecimientos que son fuente de ingreso de 42 locatarios y sus familias.\u00a0<\/p>\n\n\n\n<figure class=\"wp-block-embed-twitter wp-block-embed is-type-rich is-provider-twitter\"><div class=\"wp-block-embed__wrapper\">\n<div class=\"twitter-tweet\"><blockquote class=\"twitter-tweet\" data-lang=\"es\"><p lang=\"es\" dir=\"ltr\"><a href=\"https:\/\/twitter.com\/hashtag\/%C3%9AltimoMinuto?src=hash&amp;ref_src=twsrc%5Etfw\">#\u00daltimoMinuto<\/a> <br>Comerciantes de <a href=\"https:\/\/twitter.com\/hashtag\/Juchit%C3%A1n?src=hash&amp;ref_src=twsrc%5Etfw\">#Juchit\u00e1n<\/a> de Zaragoza, que durante dos d\u00edas protestaron en la Ciudad de M\u00e9xico, llegaron a la capital de <a href=\"https:\/\/twitter.com\/hashtag\/Oaxaca?src=hash&amp;ref_src=twsrc%5Etfw\">#Oaxaca<\/a> para exigir a su paisano, el titular de la <a href=\"https:\/\/twitter.com\/SEGEGO_GobOax?ref_src=twsrc%5Etfw\">@SEGEGO_GobOax<\/a>, <a href=\"https:\/\/twitter.com\/PacoPiza9?ref_src=twsrc%5Etfw\">@PacoPiza9<\/a>, cumpla su compromiso de apoyarlos, por locales incendiados. <a href=\"https:\/\/t.co\/Fd4aqZcBa3\">pic.twitter.com\/Fd4aqZcBa3<\/a><\/p>&mdash; Zona Roja Oaxaca (@Zona_Roja_Oax) <a href=\"https:\/\/twitter.com\/Zona_Roja_Oax\/status\/1407756236347654149?ref_src=twsrc%5Etfw\">23 de junio de 2021<\/a><\/blockquote><\/div>\n<\/div><\/figure>\n\n\n\n<p>Aunque reconoci\u00f3 que los negocios ya fueron abiertos, debido a la imperante necesidad econ\u00f3mica, no cuentan con la solvencia para pagar la deuda que tienen con proveedores que le dieron a cr\u00e9dito la mercanc\u00eda que se quem\u00f3; raz\u00f3n por la que piden apoyo de las autoridades.&nbsp;<\/p>\n\n\n\n<p>\u201cQueremos una respuesta favorable por parte de las autoridades de la Segego, ya el Gobernador del Estado ya autoriz\u00f3 de que se nos de la ayuda, ahora solo queremos que nos respondan y nos den fecha para recibir el apoyo\u201d, sentenci\u00f3, a la par que anunci\u00f3 acciones m\u00e1s radicales en caso de no ser atendidos.&nbsp;<\/p>\n\n\n\n<p>Fue la madrugada del 16 de marzo que el fuego consumi\u00f3 un aproximado de 30 comercios ubicados alrededor del mercado p\u00fablico \u201c5 de Septiembre\u201d, de acuerdo con los reportes de corporaciones civiles y de seguridad, quienes despu\u00e9s de tres horas de ardua labor, lograron sofocarlo.&nbsp;<\/p>\n\n\n\n<p>Cabe recordar que en mayo de 2020 otro incendio se registr\u00f3 en el Mercado de Abasto, el m\u00e1s grande ubicado en la capital de Oaxaca, donde resultaron da\u00f1ados 100 locales y donde a\u00fan no hay labores de rehabilitaci\u00f3n por parte de las autoridades.&nbsp;<\/p>\n","protected":false},"excerpt":{"rendered":"<p>Evlin Arag\u00f3n\/Zona Roja. Oaxaca de Ju\u00e1rez, Oax., 23 de junio de 2021.- Comerciantes de Juchit\u00e1n&hellip;<\/p>\n","protected":false},"author":2,"featured_media":28909,"comment_status":"closed","ping_status":"open","sticky":false,"template":"","format":"standard","meta":{"_lmt_disableupdate":"","_lmt_disable":"","_jetpack_memberships_contains_paid_content":false,"footnotes":""},"categories":[109,47],"tags":[2122,2121],"class_list":["post-28908","post","type-post","status-publish","format-standard","has-post-thumbnail","hentry","category-minuto-a-minuto","category-zona-gris","tag-francisco-garcia-lopez","tag-secretaria-general-de-gobierno-segego"],"jetpack_featured_media_url":"https:\/\/zonaroja.com.mx\/wp-content\/uploads\/2021\/06\/Comerciantes-mercado-Juchitan.jpg","jetpack_sharing_enabled":true,"_links":{"self":[{"href":"https:\/\/zonaroja.com.mx\/index.php?rest_route=\/wp\/v2\/posts\/28908","targetHints":{"allow":["GET"]}}],"collection":[{"href":"https:\/\/zonaroja.com.mx\/index.php?rest_route=\/wp\/v2\/posts"}],"about":[{"href":"https:\/\/zonaroja.com.mx\/index.php?rest_route=\/wp\/v2\/types\/post"}],"author":[{"embeddable":true,"href":"https:\/\/zonaroja.com.mx\/index.php?rest_route=\/wp\/v2\/users\/2"}],"replies":[{"embeddable":true,"href":"https:\/\/zonaroja.com.mx\/index.php?rest_route=%2Fwp%2Fv2%2Fcomments&post=28908"}],"version-history":[{"count":1,"href":"https:\/\/zonaroja.com.mx\/index.php?rest_route=\/wp\/v2\/posts\/28908\/revisions"}],"predecessor-version":[{"id":28910,"href":"https:\/\/zonaroja.com.mx\/index.php?rest_route=\/wp\/v2\/posts\/28908\/revisions\/28910"}],"wp:featuredmedia":[{"embeddable":true,"href":"https:\/\/zonaroja.com.mx\/index.php?rest_route=\/wp\/v2\/media\/28909"}],"wp:attachment":[{"href":"https:\/\/zonaroja.com.mx\/index.php?rest_route=%2Fwp%2Fv2%2Fmedia&parent=28908"}],"wp:term":[{"taxonomy":"category","embeddable":true,"href":"https:\/\/zonaroja.com.mx\/index.php?rest_route=%2Fwp%2Fv2%2Fcategories&post=28908"},{"taxonomy":"post_tag","embeddable":true,"href":"https:\/\/zonaroja.com.mx\/index.php?rest_route=%2Fwp%2Fv2%2Ftags&post=28908"}],"curies":[{"name":"wp","href":"https:\/\/api.w.org\/{rel}","templated":true}]}}