{"id":2891,"date":"2019-08-07T17:01:38","date_gmt":"2019-08-07T22:01:38","guid":{"rendered":"http:\/\/www.zonaroja.com.mx\/?p=2891"},"modified":"2019-08-07T17:05:43","modified_gmt":"2019-08-07T22:05:43","slug":"asesinan-a-balazos-a-tres-personas-dos-en-putla-y-una-en-tlacolula","status":"publish","type":"post","link":"https:\/\/zonaroja.com.mx\/?p=2891","title":{"rendered":"Asesinan a balazos a tres personas, dos en Putla y una en Tlacolula"},"content":{"rendered":"\n<p>Redacci\u00f3n\/Zona\nRoja.<\/p>\n\n\n\n<p>Oaxaca de\nJu\u00e1rez, Oax., 7 de agosto de 2019.- Tres personas fueron asesinadas a balazos\nen las \u00faltimas horas en la entidad oaxaque\u00f1a, dos de ellas en la regi\u00f3n Sierra\nSur y una en Valles Centrales.<\/p>\n\n\n\n<p>De acuerdo\ncon informes policiacos y datos confirmados con la Fiscal\u00eda General del Estado,\nen Putla Villa de Guerrero ocurri\u00f3 un ataque armado en las primeras horas de\neste mi\u00e9rcoles.<\/p>\n\n\n\n<p>El saldo fue\nde dos personas del sexo masculino fallecidas, Gerardo A. D. y Alfredo J. H.,\nmientras que Cirilo C. H. result\u00f3 lesionado y fue trasladado a un hospital. Hasta\nel momento no hay personas aprehendidas.<\/p>\n\n\n\n<p>Por otra\nparte, en Tlacolula de Matamoros, a escasas horas de haberse realizado una\nmarcha en contra de la inseguridad, un individuo fue agredido con disparos de\narma de fuego.<\/p>\n\n\n\n<p>Fue\naproximadamente a las 21:00 horas de ayer martes en que Pablo R., de 36 a\u00f1os de\nedad, caminaba con su familia por la calle La Herradura del paraje \u201cYasip\u201d,\ncuando fue atacado. <\/p>\n\n\n\n<p>Tras ello\nfue llevado al hospital del IMSS en el mismo municipio pero horas m\u00e1s tarde\nfalleci\u00f3 debido a la gravedad de las lesiones.<\/p>\n\n\n\n<p>Ayer por la tarde, ciento de ciudadanos de Tlacolula marcharon por las principales calles de esa poblaci\u00f3n para exigir alto a la violencia; demandaron al presidente municipal Carlos Le\u00f3n incrementar la vigilancia y pedir la renuncia del director de Seguridad P\u00fablica Municipal, Guillermo Luna G\u00e1lvez.<\/p>\n","protected":false},"excerpt":{"rendered":"<p>Redacci\u00f3n\/Zona Roja. Oaxaca de Ju\u00e1rez, Oax., 7 de agosto de 2019.- Tres personas fueron asesinadas&hellip;<\/p>\n","protected":false},"author":2,"featured_media":2892,"comment_status":"closed","ping_status":"open","sticky":false,"template":"","format":"standard","meta":{"_lmt_disableupdate":"","_lmt_disable":"","_jetpack_memberships_contains_paid_content":false,"footnotes":""},"categories":[109,51],"tags":[497],"class_list":["post-2891","post","type-post","status-publish","format-standard","has-post-thumbnail","hentry","category-minuto-a-minuto","category-zona-roja","tag-dos-asesinados-a-balazos-en-putla-villa-de-guerrero"],"jetpack_featured_media_url":"https:\/\/zonaroja.com.mx\/wp-content\/uploads\/2019\/08\/Marcha-por-la-Paz-Tlacolula.jpg","jetpack_sharing_enabled":true,"_links":{"self":[{"href":"https:\/\/zonaroja.com.mx\/index.php?rest_route=\/wp\/v2\/posts\/2891","targetHints":{"allow":["GET"]}}],"collection":[{"href":"https:\/\/zonaroja.com.mx\/index.php?rest_route=\/wp\/v2\/posts"}],"about":[{"href":"https:\/\/zonaroja.com.mx\/index.php?rest_route=\/wp\/v2\/types\/post"}],"author":[{"embeddable":true,"href":"https:\/\/zonaroja.com.mx\/index.php?rest_route=\/wp\/v2\/users\/2"}],"replies":[{"embeddable":true,"href":"https:\/\/zonaroja.com.mx\/index.php?rest_route=%2Fwp%2Fv2%2Fcomments&post=2891"}],"version-history":[{"count":2,"href":"https:\/\/zonaroja.com.mx\/index.php?rest_route=\/wp\/v2\/posts\/2891\/revisions"}],"predecessor-version":[{"id":2894,"href":"https:\/\/zonaroja.com.mx\/index.php?rest_route=\/wp\/v2\/posts\/2891\/revisions\/2894"}],"wp:featuredmedia":[{"embeddable":true,"href":"https:\/\/zonaroja.com.mx\/index.php?rest_route=\/wp\/v2\/media\/2892"}],"wp:attachment":[{"href":"https:\/\/zonaroja.com.mx\/index.php?rest_route=%2Fwp%2Fv2%2Fmedia&parent=2891"}],"wp:term":[{"taxonomy":"category","embeddable":true,"href":"https:\/\/zonaroja.com.mx\/index.php?rest_route=%2Fwp%2Fv2%2Fcategories&post=2891"},{"taxonomy":"post_tag","embeddable":true,"href":"https:\/\/zonaroja.com.mx\/index.php?rest_route=%2Fwp%2Fv2%2Ftags&post=2891"}],"curies":[{"name":"wp","href":"https:\/\/api.w.org\/{rel}","templated":true}]}}