{"id":28911,"date":"2021-06-23T16:49:51","date_gmt":"2021-06-23T21:49:51","guid":{"rendered":"http:\/\/www.zonaroja.com.mx\/?p=28911"},"modified":"2021-06-23T16:49:54","modified_gmt":"2021-06-23T21:49:54","slug":"por-opacidad-e-irregularidades-comparecera-secretario-de-finanzas-de-oaxaca","status":"publish","type":"post","link":"https:\/\/zonaroja.com.mx\/?p=28911","title":{"rendered":"Por opacidad e irregularidades, comparecer\u00e1 secretario de Finanzas de Oaxaca"},"content":{"rendered":"\n<p>Evlin Arag\u00f3n\/Zona Roja.<\/p>\n\n\n\n<p>Oaxaca de Ju\u00e1rez, Oax., 23 de junio de 2021.- La Comisi\u00f3n Permanente de Seguimiento a la Deuda P\u00fablica del Congreso de Oaxaca, acord\u00f3 cita a comparecer al secretario de Finanzas, Vicente Mendoza T\u00e9llez, debido a las irregularidades y opacidad en el manejo de los recursos aprobados para obra p\u00fablica, mediante el Decreto 809.\u00a0<\/p>\n\n\n\n<p>As\u00ed lo dio a conocer el diputado local, C\u00e9sar Morales Ni\u00f1o, quien se\u00f1al\u00f3 que urge que el gobierno de Oaxaca transparente el uso de los tres mil 500 millones de pesos que autoriz\u00f3 la 64 Legislatura en 2019 para la reactivaci\u00f3n econ\u00f3mica del sector de la construcci\u00f3n, ello mediante la realizaci\u00f3n de obra p\u00fablica.&nbsp;<\/p>\n\n\n\n<p>Y es que de acuerdo con documentos que dio a conocer, hasta el momento la dependencia ha reportado gastaos por mil mil 925 millones de pesos en obras y proyectos menores, sin detallar empresas ni montos espec\u00edficos. No obstante, hay cuatro proyectos por un monto de 254 millones de pesos, que no se especifican.<\/p>\n\n\n\n<p>\u201cEstamos llamando a cuentas al Poder Ejecutivo para que haya claridad en el uso de estos recursos. No podemos terminar una Legislatura en medio de la opacidad de un recurso que le fue autorizado al Gobierno del Estado para la reactivaci\u00f3n econ\u00f3mica de un sector que se encontraba muy afectado, como es la construcci\u00f3n\u201d, indic\u00f3.&nbsp;<\/p>\n\n\n\n<p>Explic\u00f3 que la necesidad del sector de la construcci\u00f3n fue real, de ah\u00ed que se autoriz\u00f3 la deuda cuya asignaci\u00f3n debe explicarse de manera detallada, tanto por parte del titular de la Sefin, como las dependencias o empresas ejecutoras.<\/p>\n\n\n\n<p>Morales Ni\u00f1o puso de ejemplo una obra que se pretend\u00eda llevar a cabo en terrenos de la Secretar\u00eda de la Defensa Nacional (Sedena), lo cual al final no prosper\u00f3. Sin embargo, fue designado un recurso al respecto, el cual est\u00e1 siendo distribuido por el Ejecutivo sin informar con precisi\u00f3n para que se va a utilizar.<\/p>\n\n\n\n<p>En este mismo sentido, indic\u00f3 que, aunque existe un micrositio para reportar la asignaci\u00f3n y el uso del recurso p\u00fablico, es justamente desde ah\u00ed donde se han detectado las irregularidades, mismas que podr\u00edan configurarse en un mal manejo de las finanzas estatales.&nbsp;<\/p>\n\n\n\n<p>Para el legislador, la realizaci\u00f3n de la obra p\u00fablica representa un c\u00edrculo virtuoso, esto siempre y cuando se lleve a cabo de manera transparente y con apego a la legalidad vigente, por lo anterior dijo es importante rescatar el esp\u00edritu del Decreto 809, con el que se buscaba una reactivaci\u00f3n econ\u00f3mica para el sector de la construcci\u00f3n.<\/p>\n\n\n\n<p>Cabe se\u00f1alar que la comparecencia del titular de la Sefin se llevar\u00e1 a cabo el pr\u00f3ximo jueves y ser\u00e1 ante las y los integrantes de la Comisi\u00f3n Permanente de Seguimiento a la Deuda P\u00fablica del Congreso de Oaxaca y cualquier otro legislador que se quiera incorporar.\u00a0\u00a0<\/p>\n\n\n\n<figure class=\"wp-block-embed-twitter wp-block-embed is-type-rich is-provider-twitter\"><div class=\"wp-block-embed__wrapper\">\n<div class=\"twitter-tweet\"><blockquote class=\"twitter-tweet\" data-lang=\"es\"><p lang=\"es\" dir=\"ltr\">La Comisi\u00f3n Permanente de Seguimiento a la Deuda P\u00fablica del <a href=\"https:\/\/twitter.com\/CongresoOaxLXIV?ref_src=twsrc%5Etfw\">@CongresoOaxLXIV<\/a>, acord\u00f3 citar a comparecer al titular de <a href=\"https:\/\/twitter.com\/SEFINGobOax?ref_src=twsrc%5Etfw\">@SEFINGobOax<\/a>, <a href=\"https:\/\/twitter.com\/VMendozaTG?ref_src=twsrc%5Etfw\">@VMendozaTG<\/a>, debido a las irregularidades y opacidad en el manejo de los recursos aprobados para obra p\u00fablica, confirm\u00f3 el diputado <a href=\"https:\/\/twitter.com\/cesarmoralesn?ref_src=twsrc%5Etfw\">@cesarmoralesn<\/a>. <a href=\"https:\/\/t.co\/dff9Y4QaUs\">pic.twitter.com\/dff9Y4QaUs<\/a><\/p>&mdash; Zona Roja Oaxaca (@Zona_Roja_Oax) <a href=\"https:\/\/twitter.com\/Zona_Roja_Oax\/status\/1407693112709947397?ref_src=twsrc%5Etfw\">23 de junio de 2021<\/a><\/blockquote><\/div>\n<\/div><\/figure>\n\n\n\n<p>OBRAS MENORES Y OPACAS<\/p>\n\n\n\n<p>Entre las acciones que se emprender\u00edan y cuyo proyecto no se conoce est\u00e1n 19 millones 855 mil pesos para la reconstrucci\u00f3n de casetas de las zonas siniestradas por el incendio en la Central de Abasto de la capital.<\/p>\n\n\n\n<p>Asimismo, 14 millones 999 mil pesos para la implementaci\u00f3n de una ciclov\u00eda en la zona conurbada de la capital; 21 millones 334 mil pesos para una planta de tratamiento de aguas residuales en Santa Mar\u00eda Huatulco.<\/p>\n\n\n\n<p>Una ampliaci\u00f3n a cuatro carriles &#8211;pese a que la vialidad ya cuenta con ello&#8211; de una parte de la avenida S\u00edmbolos Patrios, as\u00ed como un puente sobre el r\u00edo \u201cSalado\u201d, por m\u00e1s de 197 millones de pesos.<\/p>\n\n\n\n<p>Entre los reclamos de los diputados se encuentran obras inexistentes, destinadas al Centro Cultural de la ciudad de Oaxaca, con recursos por 69.3 millones de pesos, y un centro de convenciones en Huatulco por 15 millones de pesos, as\u00ed como un supuesto libramiento sur por 55 millones de pesos.<\/p>\n","protected":false},"excerpt":{"rendered":"<p>Evlin Arag\u00f3n\/Zona Roja. Oaxaca de Ju\u00e1rez, Oax., 23 de junio de 2021.- La Comisi\u00f3n Permanente&hellip;<\/p>\n","protected":false},"author":2,"featured_media":28906,"comment_status":"closed","ping_status":"open","sticky":false,"template":"","format":"standard","meta":{"_lmt_disableupdate":"","_lmt_disable":"","_jetpack_memberships_contains_paid_content":false,"footnotes":""},"categories":[109,47],"tags":[612,2760],"class_list":["post-28911","post","type-post","status-publish","format-standard","has-post-thumbnail","hentry","category-minuto-a-minuto","category-zona-gris","tag-cesar-morales-nino","tag-vicente-mendoza-tellez"],"jetpack_featured_media_url":"https:\/\/zonaroja.com.mx\/wp-content\/uploads\/2021\/06\/Comision-Deuda-Cesar-Morales.jpg","jetpack_sharing_enabled":true,"_links":{"self":[{"href":"https:\/\/zonaroja.com.mx\/index.php?rest_route=\/wp\/v2\/posts\/28911","targetHints":{"allow":["GET"]}}],"collection":[{"href":"https:\/\/zonaroja.com.mx\/index.php?rest_route=\/wp\/v2\/posts"}],"about":[{"href":"https:\/\/zonaroja.com.mx\/index.php?rest_route=\/wp\/v2\/types\/post"}],"author":[{"embeddable":true,"href":"https:\/\/zonaroja.com.mx\/index.php?rest_route=\/wp\/v2\/users\/2"}],"replies":[{"embeddable":true,"href":"https:\/\/zonaroja.com.mx\/index.php?rest_route=%2Fwp%2Fv2%2Fcomments&post=28911"}],"version-history":[{"count":1,"href":"https:\/\/zonaroja.com.mx\/index.php?rest_route=\/wp\/v2\/posts\/28911\/revisions"}],"predecessor-version":[{"id":28912,"href":"https:\/\/zonaroja.com.mx\/index.php?rest_route=\/wp\/v2\/posts\/28911\/revisions\/28912"}],"wp:featuredmedia":[{"embeddable":true,"href":"https:\/\/zonaroja.com.mx\/index.php?rest_route=\/wp\/v2\/media\/28906"}],"wp:attachment":[{"href":"https:\/\/zonaroja.com.mx\/index.php?rest_route=%2Fwp%2Fv2%2Fmedia&parent=28911"}],"wp:term":[{"taxonomy":"category","embeddable":true,"href":"https:\/\/zonaroja.com.mx\/index.php?rest_route=%2Fwp%2Fv2%2Fcategories&post=28911"},{"taxonomy":"post_tag","embeddable":true,"href":"https:\/\/zonaroja.com.mx\/index.php?rest_route=%2Fwp%2Fv2%2Ftags&post=28911"}],"curies":[{"name":"wp","href":"https:\/\/api.w.org\/{rel}","templated":true}]}}