{"id":28913,"date":"2021-06-23T16:57:28","date_gmt":"2021-06-23T21:57:28","guid":{"rendered":"http:\/\/www.zonaroja.com.mx\/?p=28913"},"modified":"2021-06-23T16:57:32","modified_gmt":"2021-06-23T21:57:32","slug":"culmina-organizaciones-campana-justicia-para-sol-es-justicia-para-todas","status":"publish","type":"post","link":"https:\/\/zonaroja.com.mx\/?p=28913","title":{"rendered":"Culmina organizaciones campa\u00f1a \u201cJusticia para Sol es justicia para todas\u201d"},"content":{"rendered":"\n<p>Redacci\u00f3n\/Zona Roja.<\/p>\n\n\n\n<p>Oaxaca de Ju\u00e1rez, Oax., 23 de junio del 2021.- Feministas, defensoras de derechos humanos, activistas y organizaciones de la sociedad civil cierran la campa\u00f1a \u201cJusticia para Sol es justicia para todas\u201d, a tres a\u00f1os del feminicidio de la fotoperiodista Mar\u00eda del Sol Cruz Jarqu\u00edn.<\/p>\n\n\n\n<p>La jornada fue impulsada por la periodista Soledad Jarqu\u00edn, junto con el Observatorio Ciudadano Nacional del Feminicidio, Consorcio para el Di\u00e1logo Parlamentario y la Equidad Oaxaca, el Grupo de Estudios \u201cRosario Castellanos\u201d.<\/p>\n\n\n\n<p>Tambi\u00e9n, el Colectivo Mujer Nueva, Servicio Especial de la Mujer (Semmexico), la Liga Mexicana por la Defensa de los Derechos Humanos Oaxaca y el Consejo Ciudadano de Formaci\u00f3n y Cultura Autogestiva A.C.<\/p>\n\n\n\n<p>Desde el 15 de mayo al 23 de junio del 2021, se llevaron a cabo una serie de acciones con el objetivo de denunciar la impunidad en el que se encuentra el caso de Mar\u00eda del Sol Cruz Jarqu\u00edn.<\/p>\n\n\n\n<p>En espec\u00edfico, la campa\u00f1a denunci\u00f3 que Rub\u00e9n Vasconcelos M\u00e9ndez, el ex fiscal&nbsp; General de Justicia, qui\u00e9n obr\u00f3 en contra de los avances necesarios para dar con las personas responsables del triple asesinato ocurrido en Juchit\u00e1n.<\/p>\n\n\n\n<p>En el marco de la campa\u00f1a, se anunci\u00f3 la conformaci\u00f3n del \u201cTribunal feminista contra la violencia feminicida en Oaxaca\u201d, como una acci\u00f3n que dignifique el derecho a la justica, a la verdad y la reparaci\u00f3n, de las v\u00edctimas de violencia de g\u00e9nero y a las mam\u00e1s v\u00edctimas de feminicidio.<\/p>\n\n\n\n<p>Por otro lado, la campa\u00f1a dignific\u00f3 la vida de Mar\u00eda del Sol, realizando una muestra fotogr\u00e1fica de su trabajo asimismo se devel\u00f3 un mural por la artista Ana Xhopa en honor de la joven.<\/p>\n\n\n\n<p>A trav\u00e9s de redes sociales, las impulsoras de la campa\u00f1a compartieron un v\u00eddeo agradeciendo a todas las personas involucradas,&nbsp; a las que se sumaron a la iniciativa ya sea compartiendo material en sus redes, subiendo un v\u00eddeo y asistiendo a los eventos.<\/p>\n\n\n\n<p>\u201c\u00a1Gracias por sumarse a la campa\u00f1a! La exigencia de justicia para Sol es permanente\u201d, finaliza el audiovisual.<\/p>\n","protected":false},"excerpt":{"rendered":"<p>Redacci\u00f3n\/Zona Roja. Oaxaca de Ju\u00e1rez, Oax., 23 de junio del 2021.- Feministas, defensoras de derechos&hellip;<\/p>\n","protected":false},"author":2,"featured_media":28050,"comment_status":"closed","ping_status":"open","sticky":false,"template":"","format":"standard","meta":{"_lmt_disableupdate":"","_lmt_disable":"","_jetpack_memberships_contains_paid_content":false,"footnotes":""},"categories":[109,47],"tags":[1059],"class_list":["post-28913","post","type-post","status-publish","format-standard","has-post-thumbnail","hentry","category-minuto-a-minuto","category-zona-gris","tag-maria-del-sol-cruz-jarquin"],"jetpack_featured_media_url":"https:\/\/zonaroja.com.mx\/wp-content\/uploads\/2021\/06\/Conferencia-Soledad-Jarquin.jpeg","jetpack_sharing_enabled":true,"_links":{"self":[{"href":"https:\/\/zonaroja.com.mx\/index.php?rest_route=\/wp\/v2\/posts\/28913","targetHints":{"allow":["GET"]}}],"collection":[{"href":"https:\/\/zonaroja.com.mx\/index.php?rest_route=\/wp\/v2\/posts"}],"about":[{"href":"https:\/\/zonaroja.com.mx\/index.php?rest_route=\/wp\/v2\/types\/post"}],"author":[{"embeddable":true,"href":"https:\/\/zonaroja.com.mx\/index.php?rest_route=\/wp\/v2\/users\/2"}],"replies":[{"embeddable":true,"href":"https:\/\/zonaroja.com.mx\/index.php?rest_route=%2Fwp%2Fv2%2Fcomments&post=28913"}],"version-history":[{"count":1,"href":"https:\/\/zonaroja.com.mx\/index.php?rest_route=\/wp\/v2\/posts\/28913\/revisions"}],"predecessor-version":[{"id":28914,"href":"https:\/\/zonaroja.com.mx\/index.php?rest_route=\/wp\/v2\/posts\/28913\/revisions\/28914"}],"wp:featuredmedia":[{"embeddable":true,"href":"https:\/\/zonaroja.com.mx\/index.php?rest_route=\/wp\/v2\/media\/28050"}],"wp:attachment":[{"href":"https:\/\/zonaroja.com.mx\/index.php?rest_route=%2Fwp%2Fv2%2Fmedia&parent=28913"}],"wp:term":[{"taxonomy":"category","embeddable":true,"href":"https:\/\/zonaroja.com.mx\/index.php?rest_route=%2Fwp%2Fv2%2Fcategories&post=28913"},{"taxonomy":"post_tag","embeddable":true,"href":"https:\/\/zonaroja.com.mx\/index.php?rest_route=%2Fwp%2Fv2%2Ftags&post=28913"}],"curies":[{"name":"wp","href":"https:\/\/api.w.org\/{rel}","templated":true}]}}