{"id":28917,"date":"2021-06-23T20:56:39","date_gmt":"2021-06-24T01:56:39","guid":{"rendered":"http:\/\/www.zonaroja.com.mx\/?p=28917"},"modified":"2021-06-23T20:56:42","modified_gmt":"2021-06-24T01:56:42","slug":"demanda-diputado-destitucion-de-oscar-valencia-al-frente-de-proteccion-civil","status":"publish","type":"post","link":"https:\/\/zonaroja.com.mx\/?p=28917","title":{"rendered":"Demanda diputado destituci\u00f3n de Oscar Valencia al frente de Protecci\u00f3n Civil"},"content":{"rendered":"\n<p>Redacci\u00f3n\/Zona Roja.<\/p>\n\n\n\n<p>Oaxaca de Ju\u00e1rez, Oax., 23 de junio de 2021.- El diputado Horacio Sosa Villavicencio propuso al Congreso local exhortar al gobernador Alejandro Murat Hinojosa, a destituir del cargo de titular de la Coordinaci\u00f3n Estatal de Protecci\u00f3n Civil del Estado de Oaxaca (CEPCO) a Oscar Valencia.<\/p>\n\n\n\n<p>El legislador por Morena se\u00f1al\u00f3 que el nombramiento del funcionario, realizado el pasado lunes 21 de junio, atenta contra la obligaci\u00f3n constitucional del gobierno estatal de salvaguardar a la ciudadan\u00eda frente a los riesgos para su vida y para su integridad, al no contar con el perfil.<\/p>\n\n\n\n<p>Pidi\u00f3 al titular del Ejecutivo que considere que adem\u00e1s de la falta de especializaci\u00f3n, tambi\u00e9n es importante tomar en cuenta, los aspectos negativos por los que ha destacado en el servicio p\u00fablico.<\/p>\n\n\n\n<p>Detall\u00f3 que Oscar Valencia fungi\u00f3 como presidente municipal de San Agust\u00edn Loxicha en dos ocasiones, diputado local durante el periodo 2008 y 2011 y diputado federal durante el periodo 2016, 2018.<\/p>\n\n\n\n<p>Sosa Villavicencio mencion\u00f3 que Oscar Valencia es conocido como \u201cel candidato armado\u201d, por estar permanentemente acompa\u00f1ado por personas con armas de fuego, incluso con fusiles de asalto.<\/p>\n\n\n\n<p>Record\u00f3 que durante su campa\u00f1a de 2015 para la diputaci\u00f3n federal, se denunci\u00f3 que el ahora titular de la CEPCO, se desplazaba en los actos proselitistas con 12 personas armadas.<\/p>\n\n\n\n<p>Sin embargo, al concluir el proceso electoral, el propio diputado electo aclar\u00f3, en conferencia de prensa, que no eran 12, sino 18 elementos de seguridad para su resguardo personal, de los cuales catorce eran polic\u00edas municipales de San Agust\u00edn Loxicha.<\/p>\n\n\n\n<p>Tambi\u00e9n expuso que, durante las movilizaciones por la liberaci\u00f3n de presos pol\u00edticos, el nombre de Oscar Valencia figura como cacique, que mantiene en la c\u00e1rcel a quienes se han atrevido a disentir de sus formas de ejercer el poder, poder que mantiene en la regi\u00f3n a trav\u00e9s de grupos paramilitares.<\/p>\n\n\n\n<p>Finalmente, Horacio Sosa indic\u00f3 que la persona al frente de la Coordinaci\u00f3n Estatal de Protecci\u00f3n Civil, deber\u00e1 ser mujer, en cumplimiento del art\u00edculo 80, fracci\u00f3n III de la Constituci\u00f3n del Estado Libre y Soberano de Oaxaca.<\/p>\n\n\n\n<p>Cabe mencionar que, el exhorto que pide al Ejecutivo Estatal la destituci\u00f3n de Oscar Valencia, como titular de la CEPCO, recibido por la Diputaci\u00f3n Permanente fue turnado a la Comisi\u00f3n Permanente para su an\u00e1lisis y dictamen.<\/p>\n","protected":false},"excerpt":{"rendered":"<p>Redacci\u00f3n\/Zona Roja. Oaxaca de Ju\u00e1rez, Oax., 23 de junio de 2021.- El diputado Horacio Sosa&hellip;<\/p>\n","protected":false},"author":2,"featured_media":28918,"comment_status":"closed","ping_status":"open","sticky":false,"template":"","format":"standard","meta":{"_lmt_disableupdate":"","_lmt_disable":"","_jetpack_memberships_contains_paid_content":false,"footnotes":""},"categories":[109,46],"tags":[444],"class_list":["post-28917","post","type-post","status-publish","format-standard","has-post-thumbnail","hentry","category-minuto-a-minuto","category-zona-blanca","tag-horacio-sosa-villavicencio"],"jetpack_featured_media_url":"https:\/\/zonaroja.com.mx\/wp-content\/uploads\/2021\/06\/Horacio-Sosa-2.jpg","jetpack_sharing_enabled":true,"_links":{"self":[{"href":"https:\/\/zonaroja.com.mx\/index.php?rest_route=\/wp\/v2\/posts\/28917","targetHints":{"allow":["GET"]}}],"collection":[{"href":"https:\/\/zonaroja.com.mx\/index.php?rest_route=\/wp\/v2\/posts"}],"about":[{"href":"https:\/\/zonaroja.com.mx\/index.php?rest_route=\/wp\/v2\/types\/post"}],"author":[{"embeddable":true,"href":"https:\/\/zonaroja.com.mx\/index.php?rest_route=\/wp\/v2\/users\/2"}],"replies":[{"embeddable":true,"href":"https:\/\/zonaroja.com.mx\/index.php?rest_route=%2Fwp%2Fv2%2Fcomments&post=28917"}],"version-history":[{"count":1,"href":"https:\/\/zonaroja.com.mx\/index.php?rest_route=\/wp\/v2\/posts\/28917\/revisions"}],"predecessor-version":[{"id":28919,"href":"https:\/\/zonaroja.com.mx\/index.php?rest_route=\/wp\/v2\/posts\/28917\/revisions\/28919"}],"wp:featuredmedia":[{"embeddable":true,"href":"https:\/\/zonaroja.com.mx\/index.php?rest_route=\/wp\/v2\/media\/28918"}],"wp:attachment":[{"href":"https:\/\/zonaroja.com.mx\/index.php?rest_route=%2Fwp%2Fv2%2Fmedia&parent=28917"}],"wp:term":[{"taxonomy":"category","embeddable":true,"href":"https:\/\/zonaroja.com.mx\/index.php?rest_route=%2Fwp%2Fv2%2Fcategories&post=28917"},{"taxonomy":"post_tag","embeddable":true,"href":"https:\/\/zonaroja.com.mx\/index.php?rest_route=%2Fwp%2Fv2%2Ftags&post=28917"}],"curies":[{"name":"wp","href":"https:\/\/api.w.org\/{rel}","templated":true}]}}