{"id":28928,"date":"2021-06-23T22:10:55","date_gmt":"2021-06-24T03:10:55","guid":{"rendered":"http:\/\/www.zonaroja.com.mx\/?p=28928"},"modified":"2021-06-23T22:10:58","modified_gmt":"2021-06-24T03:10:58","slug":"suman-casi-5-mil-trabajadores-del-sector-salud-contagiados-de-covid","status":"publish","type":"post","link":"https:\/\/zonaroja.com.mx\/?p=28928","title":{"rendered":"Suman casi 5 mil trabajadores del sector salud contagiados de Covid"},"content":{"rendered":"\n<p>Redacci\u00f3n\/Zona Roja.<\/p>\n\n\n\n<p>Oaxaca de Ju\u00e1rez, Oax. 23 de junio de 2021.- A 15 meses de la pandemia por Covid-19 en Oaxaca, suman cuatro mil 926 trabajadores del sector salud que han sido contagiados.<\/p>\n\n\n\n<p>Se trata de mil 443 m\u00e9dicos, mil 846 enfermeras y mil 637 empleados de otras \u00e1reas.<\/p>\n\n\n\n<p>En tanto, los Servicios de Salud de Oaxaca informaron d\u00eda que de los 48 mil 86 contagios acumulados de Covid que reporta Oaxaca este 23 de junio, el 44.7% de los casos lo encabezan las personas de 25 a 44 a\u00f1os de edad, lo que equivale a 21 mil 526 pacientes, de esta cifra 318 perdieron la vida, informaron los Servicios de Salud de Oaxaca (SSO).<\/p>\n\n\n\n<p>En un comunicado, la dependencia a\u00f1adi\u00f3 que este mi\u00e9rcoles se notificaron 61 casos nuevos, identificados en 30 municipios, as\u00ed como un global de tres mil 917 defunciones, 10 m\u00e1s que el d\u00eda de ayer.<\/p>\n\n\n\n<p>La cifra de personas que han presentado s\u00edntomas relacionados a la enfermedad viral, lleg\u00f3 a las 82 mil 270 notificaciones, de las cuales 29 mil 253 son negativos, cuatro mil 931 est\u00e1n como sospechosos, 43 mil 920 se han recuperado y 249 cursan la enfermedad en etapa activa.<\/p>\n\n\n\n<figure class=\"wp-block-embed-twitter wp-block-embed is-type-rich is-provider-twitter\"><div class=\"wp-block-embed__wrapper\">\n<div class=\"twitter-tweet\"><blockquote class=\"twitter-tweet\" data-lang=\"es\"><p lang=\"es\" dir=\"ltr\"><a href=\"https:\/\/twitter.com\/hashtag\/%C3%9AltimoMinuto?src=hash&amp;ref_src=twsrc%5Etfw\">#\u00daltimoMinuto<\/a><br>En el caso de <a href=\"https:\/\/twitter.com\/hashtag\/Oaxaca?src=hash&amp;ref_src=twsrc%5Etfw\">#Oaxaca<\/a>, los Servicios de Salud reportaron este mi\u00e9rcoles 10 decesos por Covid-19, con lo que suman 3 mil 917 muertes.<br>Adem\u00e1s, 61 nuevos casos positivos, para un acumulado de 48 mil 86 casos confirmados; hay seis hospitales saturados de pacientes. <a href=\"https:\/\/t.co\/U0fXge5dR3\">pic.twitter.com\/U0fXge5dR3<\/a><\/p>&mdash; Zona Roja Oaxaca (@Zona_Roja_Oax) <a href=\"https:\/\/twitter.com\/Zona_Roja_Oax\/status\/1407874119778045957?ref_src=twsrc%5Etfw\">24 de junio de 2021<\/a><\/blockquote><\/div>\n<\/div><\/figure>\n\n\n\n<p>Respecto a los municipios que presentaron pacientes nuevos al corte de este 23 de junio, el de mayor incidencia corresponde a Oaxaca de Ju\u00e1rez con 15 reportes, Salina Cruz con ocho, Santo Domingo Ingenio con cinco, Santa Cruz Xoxocotl\u00e1n con tres, as\u00ed como \u00c1nimas Trujano, El Barrio de la Soledad, Heroica Ciudad de Juchit\u00e1n de Zaragoza y San Sebasti\u00e1n Tutla con dos casos, respectivamente. En la lista de ayuntamientos con contagios, aparece por primera vez San Andr\u00e9s Lagunas, localidad de la regi\u00f3n Mixteca, con un paciente.<\/p>\n\n\n\n<p>Tambi\u00e9n, apunt\u00f3 que Valles Centrales concentra 32 mil 416 pacientes y mil 910 decesos, Istmo 4 mil 362 casos y 719 defunciones, Tuxtepec 2 mil 963 positivos y 354 muertes, Costa 2 mil 534 confirmados y 304 fallecimientos, Mixteca 4 mil 70 acumulados y 405 p\u00e9rdidas humanas, Sierra mil 741 casos y 225 decesos.<\/p>\n\n\n\n<p>En las \u00faltimas 24 horas se hospitalizaron a seis personas, mientras que seis nosocomios reportan el 100% de su capacidad, la red hospitalaria en la entidad se ubica al 19.1% de saturaci\u00f3n, hay un total de 70 pacientes internados por presentar complicaciones por el SARS-CoV-2.<\/p>\n\n\n\n<p>Ante lo cual, la instituci\u00f3n hace un llamado a la poblaci\u00f3n a no relajar las medias de sanidad; la enfermedad que deriva del virus SARS-CoV-2, se puede agravar en cualquier grupo de edad, las y los j\u00f3venes adultos no est\u00e1n exentos de contagiarse de la pandemia.<\/p>\n\n\n\n<p>La dependencia inst\u00f3 a la comunidad a reforzar las normas de higiene y los cuidados pertinentes para evitar la propagaci\u00f3n de la pandemia, como: cubrirse con el \u00e1ngulo del codo al estornudar o toser -aun usando el cubrebocas-, evitar tocarse los ojos, nariz y boca, ventilar de manera continua los hogares, oficinas y centros de trabajo; lavarse las manos con agua y jab\u00f3n durante 20 segundos, y ante la presencia de s\u00edntomas evitar tener contacto con otras personas.<\/p>\n","protected":false},"excerpt":{"rendered":"<p>Redacci\u00f3n\/Zona Roja. Oaxaca de Ju\u00e1rez, Oax. 23 de junio de 2021.- A 15 meses de&hellip;<\/p>\n","protected":false},"author":2,"featured_media":28929,"comment_status":"closed","ping_status":"open","sticky":false,"template":"","format":"standard","meta":{"_lmt_disableupdate":"","_lmt_disable":"","_jetpack_memberships_contains_paid_content":false,"footnotes":""},"categories":[109,47],"tags":[1512],"class_list":["post-28928","post","type-post","status-publish","format-standard","has-post-thumbnail","hentry","category-minuto-a-minuto","category-zona-gris","tag-coronavirus-oaxaca"],"jetpack_featured_media_url":"https:\/\/zonaroja.com.mx\/wp-content\/uploads\/2021\/06\/SSO-1-1.jpg","jetpack_sharing_enabled":true,"_links":{"self":[{"href":"https:\/\/zonaroja.com.mx\/index.php?rest_route=\/wp\/v2\/posts\/28928","targetHints":{"allow":["GET"]}}],"collection":[{"href":"https:\/\/zonaroja.com.mx\/index.php?rest_route=\/wp\/v2\/posts"}],"about":[{"href":"https:\/\/zonaroja.com.mx\/index.php?rest_route=\/wp\/v2\/types\/post"}],"author":[{"embeddable":true,"href":"https:\/\/zonaroja.com.mx\/index.php?rest_route=\/wp\/v2\/users\/2"}],"replies":[{"embeddable":true,"href":"https:\/\/zonaroja.com.mx\/index.php?rest_route=%2Fwp%2Fv2%2Fcomments&post=28928"}],"version-history":[{"count":1,"href":"https:\/\/zonaroja.com.mx\/index.php?rest_route=\/wp\/v2\/posts\/28928\/revisions"}],"predecessor-version":[{"id":28930,"href":"https:\/\/zonaroja.com.mx\/index.php?rest_route=\/wp\/v2\/posts\/28928\/revisions\/28930"}],"wp:featuredmedia":[{"embeddable":true,"href":"https:\/\/zonaroja.com.mx\/index.php?rest_route=\/wp\/v2\/media\/28929"}],"wp:attachment":[{"href":"https:\/\/zonaroja.com.mx\/index.php?rest_route=%2Fwp%2Fv2%2Fmedia&parent=28928"}],"wp:term":[{"taxonomy":"category","embeddable":true,"href":"https:\/\/zonaroja.com.mx\/index.php?rest_route=%2Fwp%2Fv2%2Fcategories&post=28928"},{"taxonomy":"post_tag","embeddable":true,"href":"https:\/\/zonaroja.com.mx\/index.php?rest_route=%2Fwp%2Fv2%2Ftags&post=28928"}],"curies":[{"name":"wp","href":"https:\/\/api.w.org\/{rel}","templated":true}]}}