{"id":28940,"date":"2021-06-24T08:29:05","date_gmt":"2021-06-24T13:29:05","guid":{"rendered":"http:\/\/www.zonaroja.com.mx\/?p=28940"},"modified":"2021-06-24T08:29:11","modified_gmt":"2021-06-24T13:29:11","slug":"celebran-designacion-de-titular-de-comision-de-busqueda-le-piden-trabajar-de-inmediato","status":"publish","type":"post","link":"https:\/\/zonaroja.com.mx\/?p=28940","title":{"rendered":"Celebran designaci\u00f3n de titular de Comisi\u00f3n de B\u00fasqueda; le piden trabajar de inmediato"},"content":{"rendered":"\n<p>Evlin Arag\u00f3n\/Zona Roja.<\/p>\n\n\n\n<p>Oaxaca de Ju\u00e1rez, Oax., 24 de junio de 2021.- \u201cTodo con nosotros, sin nosotros nada. Si no estamos nosotros esto no camina, somos nosotros la parte fundamental en la b\u00fasqueda de nuestros familiares y seres queridos\u201d.&nbsp;<\/p>\n\n\n\n<p>Son las palabras de integrantes del colectivo Oaxaque\u00f1os Unidos Exigiendo Justicia, quienes celebraron la designaci\u00f3n de Edilberta Cruz Regino, como presidenta de la Comisi\u00f3n Estatal de B\u00fasqueda de Personas Desaparecidas en Oaxaca, a pesar de que trascurrieron m\u00e1s de 20 meses desde el momento en que se aprob\u00f3 la creaci\u00f3n de dicho organismo, al interior del Congreso local.&nbsp;<\/p>\n\n\n\n<p>Said Garc\u00eda explic\u00f3 que s\u00ed bien celebran el nombramiento, tambi\u00e9n hacen un llamado para que inicie, de manera inmediata, los trabajos que le competen de acuerdo a la Ley, para lo cual ser\u00e1 indispensable la asignaci\u00f3n de recurso estatal y federal.&nbsp;<\/p>\n\n\n\n<p>Por ello hizo el llamado a quienes integran el Poder Legislativo para que asignen un presupuesto digno para la comisi\u00f3n y eviten as\u00ed que se convierta en un elefante blanco, como algunas otras instancias vigentes.&nbsp;<\/p>\n\n\n\n<p>\u201cSe trata de un recurso que tambi\u00e9n es nuestro y debe ser utilizado para buscar a los nuestros\u201d, indic\u00f3.&nbsp;<\/p>\n\n\n\n<p>A pregunta expresa, Said Garc\u00eda manifest\u00f3 que tienen conocimiento de un aproximado de 900 casos de desapariciones en la entidad oaxaque\u00f1a; tan s\u00f3lo en el colectivo que participa son 15 familias las que de manera personal y con recursos propios buscan a sus seres queridos.&nbsp;<\/p>\n\n\n\n<p>En este sentido, detall\u00f3 que la desaparici\u00f3n de personas es dif\u00edcil de entender y se da por distintas razones, sean sociales o pol\u00edticas, sin embargo, es responsabilidad de las autoridades actuar en consecuencia para dar con el paradero de las v\u00edctimas.&nbsp;&nbsp;&nbsp;&nbsp;<\/p>\n\n\n\n<p>De ah\u00ed que la designaci\u00f3n de la titular de la comisi\u00f3n, aunque tard\u00eda, les da un \u00e1pice de esperanza para encontrar a sus familiares con vida. \u201cPorque vivos se los llevaron, vivos los queremos\u201d, dijeron.&nbsp;<\/p>\n\n\n\n<p>El tambi\u00e9n activista y familiar de una persona desparecida indic\u00f3 que mantendr\u00e1n la exigencia a todas las instancias involucradas para que hagan su trabajo y cumplan la ley, la cual los incluye de manera directa no s\u00f3lo en la b\u00fasqueda sino en la reparaci\u00f3n del da\u00f1o.<\/p>\n\n\n\n<p>\u201cHoy exigimos que todos los involucrado hagan su trabajo, la ley es muy clara, nosotros estamos aqu\u00ed presentes y siempre vamos a estar porque nos contemplan como parte fundamental. Nosotros estamos buscando a nuestros seres queridos\u201d, refiri\u00f3.&nbsp;<\/p>\n","protected":false},"excerpt":{"rendered":"<p>Evlin Arag\u00f3n\/Zona Roja. Oaxaca de Ju\u00e1rez, Oax., 24 de junio de 2021.- \u201cTodo con nosotros,&hellip;<\/p>\n","protected":false},"author":2,"featured_media":28905,"comment_status":"closed","ping_status":"open","sticky":false,"template":"","format":"standard","meta":{"_lmt_disableupdate":"","_lmt_disable":"","_jetpack_memberships_contains_paid_content":false,"footnotes":""},"categories":[109,47],"tags":[2757],"class_list":["post-28940","post","type-post","status-publish","format-standard","has-post-thumbnail","hentry","category-minuto-a-minuto","category-zona-gris","tag-comision-estatal-de-busqueda-de-personas-desaparecidas-oaxaca"],"jetpack_featured_media_url":"https:\/\/zonaroja.com.mx\/wp-content\/uploads\/2021\/06\/Comite-de-Busqueda.jpg","jetpack_sharing_enabled":true,"_links":{"self":[{"href":"https:\/\/zonaroja.com.mx\/index.php?rest_route=\/wp\/v2\/posts\/28940","targetHints":{"allow":["GET"]}}],"collection":[{"href":"https:\/\/zonaroja.com.mx\/index.php?rest_route=\/wp\/v2\/posts"}],"about":[{"href":"https:\/\/zonaroja.com.mx\/index.php?rest_route=\/wp\/v2\/types\/post"}],"author":[{"embeddable":true,"href":"https:\/\/zonaroja.com.mx\/index.php?rest_route=\/wp\/v2\/users\/2"}],"replies":[{"embeddable":true,"href":"https:\/\/zonaroja.com.mx\/index.php?rest_route=%2Fwp%2Fv2%2Fcomments&post=28940"}],"version-history":[{"count":1,"href":"https:\/\/zonaroja.com.mx\/index.php?rest_route=\/wp\/v2\/posts\/28940\/revisions"}],"predecessor-version":[{"id":28941,"href":"https:\/\/zonaroja.com.mx\/index.php?rest_route=\/wp\/v2\/posts\/28940\/revisions\/28941"}],"wp:featuredmedia":[{"embeddable":true,"href":"https:\/\/zonaroja.com.mx\/index.php?rest_route=\/wp\/v2\/media\/28905"}],"wp:attachment":[{"href":"https:\/\/zonaroja.com.mx\/index.php?rest_route=%2Fwp%2Fv2%2Fmedia&parent=28940"}],"wp:term":[{"taxonomy":"category","embeddable":true,"href":"https:\/\/zonaroja.com.mx\/index.php?rest_route=%2Fwp%2Fv2%2Fcategories&post=28940"},{"taxonomy":"post_tag","embeddable":true,"href":"https:\/\/zonaroja.com.mx\/index.php?rest_route=%2Fwp%2Fv2%2Ftags&post=28940"}],"curies":[{"name":"wp","href":"https:\/\/api.w.org\/{rel}","templated":true}]}}