{"id":2895,"date":"2019-08-07T20:01:46","date_gmt":"2019-08-08T01:01:46","guid":{"rendered":"http:\/\/www.zonaroja.com.mx\/?p=2895"},"modified":"2019-08-07T20:01:49","modified_gmt":"2019-08-08T01:01:49","slug":"registra-oaxaca-indice-de-impunidad-del-94-3-en-sistema-de-justicia-penal","status":"publish","type":"post","link":"https:\/\/zonaroja.com.mx\/?p=2895","title":{"rendered":"Registra Oaxaca \u00edndice de impunidad del 94.3% en sistema de justicia penal"},"content":{"rendered":"\n<p>Ismael\nGarc\u00eda\/Zona Roja.<\/p>\n\n\n\n<p>Oaxaca de\nJu\u00e1rez, Oax., 7 de agosto de 2019.- En M\u00e9xico, el 96.1 por ciento de los\ndelitos queda impune, revel\u00f3 hoy la organizaci\u00f3n M\u00e9xico Eval\u00faa, al presentar su\nestudio \u201cHallazgos 2018\u201d, Seguimiento y evaluaci\u00f3n del sistema de justicia\npenal en M\u00e9xico.<\/p>\n\n\n\n<p>En el caso\nde Oaxaca, el \u00edndice de nula aplicaci\u00f3n de justicia es del 94.3 por ciento y\nsupera a entidades como Baja California, Campeche, Puebla, Quer\u00e9taro y\nGuanajuato.<\/p>\n\n\n\n<p>El an\u00e1lisis\nfue presentado hoy en la ciudad de M\u00e9xico, en que se destaca que los estados\ncon mayores niveles de impunidad son Tamaulipas, Veracruz, Nuevo Le\u00f3n, Chiapas,\nTabasco y Baja California Sur.<\/p>\n\n\n\n<p>Revela que la medici\u00f3n del \u00cdndice de Impunidad para 2018 muestra que, en t\u00e9rminos generales, el Sistema de Justicia Penal todav\u00eda contiene niveles importantes de impunidad. La media nacional es de 96.14%, e incluso las entidades federativas que presentan los niveles de impunidad m\u00e1s bajos alcanzan niveles superiores al 87%. <\/p>\n\n\n\n<figure class=\"wp-block-embed-twitter wp-block-embed is-type-rich is-provider-twitter\"><div class=\"wp-block-embed__wrapper\">\n<div class=\"twitter-tweet\"><blockquote class=\"twitter-tweet\" data-lang=\"es\"><p lang=\"es\" dir=\"ltr\">El 96.1% de los casos a nivel nacional est\u00e1n impunes. \u00bfQu\u00e9 capacidades existen para avanzar la justicia penal?<br><br>Todos los datos y las historias en <a href=\"https:\/\/twitter.com\/hashtag\/Hallazgos2018?src=hash&amp;ref_src=twsrc%5Etfw\">#Hallazgos2018<\/a>. Aqu\u00ed el reporte completo <br><br>\u2b07\ufe0f<a href=\"https:\/\/t.co\/16qvr21014\">https:\/\/t.co\/16qvr21014<\/a><\/p>&mdash; M\u00e9xico Eval\u00faa (@mexevalua) <a href=\"https:\/\/twitter.com\/mexevalua\/status\/1159132507314352129?ref_src=twsrc%5Etfw\">7 de agosto de 2019<\/a><\/blockquote><\/div>\n<\/div><\/figure>\n\n\n\n<p>Indica que en\nun sentido m\u00e1s amplio, la impunidad implica la falta de investigaci\u00f3n y\nresoluci\u00f3n de un caso, ya sea por una sentencia condenatoria o por alguna v\u00eda\nalterna. <\/p>\n\n\n\n<p>\u201cSi bien se\ntrata de un fen\u00f3meno presente en todas las sociedades, los niveles en que la impunidad\npermea un sistema de justicia es lo que diferencia un Estado de derecho\nrobusto, de uno que no lo es.<\/p>\n\n\n\n<p>\u201cLos\nsistemas de justicia que son efectivos resuelven los delitos en mayor medida,\nen tanto que los deficientes o desestructurados \u2018son incapaces de absorber de\nmanera eficiente los delitos que les corresponde atender y resolver\u2019\u201d, expone.<\/p>\n\n\n\n<p>El estudio a\u00f1ade:<\/p>\n\n\n\n<p>\u201cA pesar de\nestos resultados, hay algunas se\u00f1ales positivas. Una de ellas es el avance en\nlas capacidades de investigaci\u00f3n criminal en aquellas entidades que han optado\npor apostar por la coordinaci\u00f3n y comunicaci\u00f3n interinstitucional para mejorar\nsus resultados, como es el caso de Guanajuato, Quer\u00e9taro y Chihuahua, las que\nse documentan casos concretos en el reporte. <\/p>\n\n\n\n<p>\u201cOtra buena\nnoticia es la reciente creaci\u00f3n de la Unidad de Apoyo al Sistema de Justicia,\nadscrita a la Subsecretar\u00eda de Derechos Humanos en la Secretar\u00eda de\nGobernaci\u00f3n, la cual podr\u00eda colocar de nuevo el tema de la justicia penal en la\nagenda p\u00fablica, as\u00ed como coordinar los esfuerzos que hoy est\u00e1n dispersos para\nhacerlo funcionar debidamente\u201d, detalla M\u00e9xico Eval\u00faa. <\/p>\n","protected":false},"excerpt":{"rendered":"<p>Ismael Garc\u00eda\/Zona Roja. Oaxaca de Ju\u00e1rez, Oax., 7 de agosto de 2019.- En M\u00e9xico, el&hellip;<\/p>\n","protected":false},"author":2,"featured_media":2896,"comment_status":"closed","ping_status":"open","sticky":false,"template":"","format":"standard","meta":{"_lmt_disableupdate":"","_lmt_disable":"","_jetpack_memberships_contains_paid_content":false,"footnotes":""},"categories":[109,51],"tags":[498],"class_list":["post-2895","post","type-post","status-publish","format-standard","has-post-thumbnail","hentry","category-minuto-a-minuto","category-zona-roja","tag-indice-de-impunidad"],"jetpack_featured_media_url":"https:\/\/zonaroja.com.mx\/wp-content\/uploads\/2019\/08\/\u00cdndice-de-impunidad.jpg","jetpack_sharing_enabled":true,"_links":{"self":[{"href":"https:\/\/zonaroja.com.mx\/index.php?rest_route=\/wp\/v2\/posts\/2895","targetHints":{"allow":["GET"]}}],"collection":[{"href":"https:\/\/zonaroja.com.mx\/index.php?rest_route=\/wp\/v2\/posts"}],"about":[{"href":"https:\/\/zonaroja.com.mx\/index.php?rest_route=\/wp\/v2\/types\/post"}],"author":[{"embeddable":true,"href":"https:\/\/zonaroja.com.mx\/index.php?rest_route=\/wp\/v2\/users\/2"}],"replies":[{"embeddable":true,"href":"https:\/\/zonaroja.com.mx\/index.php?rest_route=%2Fwp%2Fv2%2Fcomments&post=2895"}],"version-history":[{"count":1,"href":"https:\/\/zonaroja.com.mx\/index.php?rest_route=\/wp\/v2\/posts\/2895\/revisions"}],"predecessor-version":[{"id":2897,"href":"https:\/\/zonaroja.com.mx\/index.php?rest_route=\/wp\/v2\/posts\/2895\/revisions\/2897"}],"wp:featuredmedia":[{"embeddable":true,"href":"https:\/\/zonaroja.com.mx\/index.php?rest_route=\/wp\/v2\/media\/2896"}],"wp:attachment":[{"href":"https:\/\/zonaroja.com.mx\/index.php?rest_route=%2Fwp%2Fv2%2Fmedia&parent=2895"}],"wp:term":[{"taxonomy":"category","embeddable":true,"href":"https:\/\/zonaroja.com.mx\/index.php?rest_route=%2Fwp%2Fv2%2Fcategories&post=2895"},{"taxonomy":"post_tag","embeddable":true,"href":"https:\/\/zonaroja.com.mx\/index.php?rest_route=%2Fwp%2Fv2%2Ftags&post=2895"}],"curies":[{"name":"wp","href":"https:\/\/api.w.org\/{rel}","templated":true}]}}