{"id":28952,"date":"2021-06-24T11:37:33","date_gmt":"2021-06-24T16:37:33","guid":{"rendered":"https:\/\/www.zonaroja.com.mx\/?p=28952"},"modified":"2021-06-24T11:37:35","modified_gmt":"2021-06-24T16:37:35","slug":"renuncio-titular-de-los-servicios-de-salud-exige-legislador-claridad-y-rendicion-de-cuentas","status":"publish","type":"post","link":"https:\/\/zonaroja.com.mx\/?p=28952","title":{"rendered":"\u00bfRenunci\u00f3 titular de los Servicios de Salud? Exige legislador claridad y rendici\u00f3n de cuentas"},"content":{"rendered":"\n<p class=\"p3\">Evlin Arag\u00f3n\/Zona Roja. <\/p>\n\n\n\n<p class=\"p2\">Oaxaca de Ju\u00e1rez, Oax., 24 de junio de 2021.- Pese a continuar la pandemia por Covid-19 y con amplios temas que atender, dentro de ellos las deficiencias de material, equipo e infraestructura denunciadas en el Hospital Civil \u201cDr. Aurelio Valdivieso\u201d, el secretario de Salud, Juan Carlos M\u00e1rquez Heine ha estado ausente en sus funciones y no ha acudido a su oficina.&nbsp;<\/p>\n\n\n\n<p class=\"p3\">As\u00ed lo dio a conocer el diputado local por Morena, C\u00e9sar Morales Ni\u00f1o, quien cuestion\u00f3 el paradero del funcionario de quien dijo, trascendi\u00f3 que ya present\u00f3 su renuncia a la titularidad de la Secretar\u00eda de Salud y a la direcci\u00f3n general de los Servicios de Salud, sin que el gobierno de Oaxaca emita una postura oficial al respecto&nbsp;<\/p>\n\n\n\n<p class=\"p3\">\u201c\u00bfD\u00f3nde est\u00e1 el secretario de Salud del estado? \u00bfQu\u00e9 est\u00e1 pasando en la Secretar\u00eda de Salud? Otra vez la falta de transparencia en el gobierno de Oaxaca, otra vez la opacidad\u201d, dijo el legislador en en la sesi\u00f3n de la Diputaci\u00f3n Permanente del mi\u00e9rcoles.&nbsp;<\/p>\n\n\n\n<p class=\"p3\">En este sentido, dio a conocer que present\u00f3 un Punto de Acuerdo, turnado a comisiones, en el que se le pide al gobernador de Oaxaca, Alejandro Murat Hinojosa, transparente la situaci\u00f3n actual respecto a la titularidad de la Secretar\u00eda de Salud; ello, con la finalidad de otorgar certeza jur\u00eddica a la base trabajadora de la dependencia, respecto a sus tr\u00e1mites, as\u00ed como a las y los usuarios en general.<\/p>\n\n\n\n<p class=\"p3\">Explic\u00f3 que actualmente hay incertidumbre del personal que ah\u00ed labora en torno a los tr\u00e1mites y procedimientos jur\u00eddicos y administrativos, ya que al acudir a realizar alguna gesti\u00f3n se les informa que M\u00e1rquez Heine ya no es el titular, aunque no se explica quien ha quedado al mando. <\/p>\n\n\n\n<p><div class=\"twitter-tweet\"><blockquote class=\"twitter-tweet\" data-lang=\"es\"><p lang=\"es\" dir=\"ltr\">\u00bfD\u00f3nde est\u00e1 el titular de <a href=\"https:\/\/twitter.com\/SSO_GobOax?ref_src=twsrc%5Etfw\">@SSO_GobOax<\/a>, <a href=\"https:\/\/twitter.com\/JC_MarquezH?ref_src=twsrc%5Etfw\">@JC_MarquezH<\/a>? Aseguran que desde hace varios d\u00edas no acude a su oficina y que ya present\u00f3 su renuncia. Por ello, el diputado local <a href=\"https:\/\/twitter.com\/cesarmoralesn?ref_src=twsrc%5Etfw\">@cesarmoralesn<\/a> urgi\u00f3 al gobernador Alejandro Murat aclarar situaci\u00f3n y adem\u00e1s combatir corrupci\u00f3n en esa \u00e1rea. <a href=\"https:\/\/t.co\/1dBSYPLRVM\">pic.twitter.com\/1dBSYPLRVM<\/a><\/p>&mdash; Zona Roja Oaxaca (@Zona_Roja_Oax) <a href=\"https:\/\/twitter.com\/Zona_Roja_Oax\/status\/1408059374975729664?ref_src=twsrc%5Etfw\">24 de junio de 2021<\/a><\/blockquote><\/div><\/p>\n\n\n\n<p class=\"p3\">Morales Ni\u00f1o detall\u00f3 que en su car\u00e1cter de integrante de la Comisi\u00f3n de Salud, recib\u00eda de manera puntual informaci\u00f3n de la dependencia en torno a la pandemia, sin embargo, desde que iniciaron los rumores de la renuncia del titular de los SSO, est\u00e1 fue suspendida s\u00fabitamente.<\/p>\n\n\n\n<p class=\"p3\">Por lo anterior, manifest\u00f3 que es urgente que el gobierno de Oaxaca informe sobre la situaci\u00f3n que se vive al interior de la Secretar\u00eda  de Salud, a fin de que sindicatos y personal administrativo tengan certeza sobre la titularidad y quien resolver\u00e1 las problem\u00e1ticas que en el sector se desarrollan. <\/p>\n\n\n\n<p class=\"p3\">Record\u00f3 que la pandemia a\u00fan est\u00e1 vigente, al igual que la jornada de vacunaci\u00f3n, de ah\u00ed que es fundamental la transparencia en torno a quien ostenta la responsabilidad de la salud p\u00fablica de las y los oaxaque\u00f1os.&nbsp;<\/p>\n\n\n\n<p class=\"p3\">Finalmente, explic\u00f3 que dentro de los trascendidos e irregularidades en el sector Salud, se encuentra el cobro de cuotas de recuperaci\u00f3n a los usuarios de los servicios, situaci\u00f3n que contraviene la normatividad de la dependencia, y podr\u00eda incurrir en actos de corrupci\u00f3n que deben se atendidos y erradicados. <\/p>\n","protected":false},"excerpt":{"rendered":"<p>Evlin Arag\u00f3n\/Zona Roja. Oaxaca de Ju\u00e1rez, Oax., 24 de junio de 2021.- Pese a continuar&hellip;<\/p>\n","protected":false},"author":2,"featured_media":28949,"comment_status":"closed","ping_status":"open","sticky":false,"template":"","format":"standard","meta":{"_lmt_disableupdate":"","_lmt_disable":"","_jetpack_memberships_contains_paid_content":false,"footnotes":""},"categories":[109,47],"tags":[612],"class_list":["post-28952","post","type-post","status-publish","format-standard","has-post-thumbnail","hentry","category-minuto-a-minuto","category-zona-gris","tag-cesar-morales-nino"],"jetpack_featured_media_url":"https:\/\/zonaroja.com.mx\/wp-content\/uploads\/2021\/06\/Cesar-Morales-2-1.jpg","jetpack_sharing_enabled":true,"_links":{"self":[{"href":"https:\/\/zonaroja.com.mx\/index.php?rest_route=\/wp\/v2\/posts\/28952","targetHints":{"allow":["GET"]}}],"collection":[{"href":"https:\/\/zonaroja.com.mx\/index.php?rest_route=\/wp\/v2\/posts"}],"about":[{"href":"https:\/\/zonaroja.com.mx\/index.php?rest_route=\/wp\/v2\/types\/post"}],"author":[{"embeddable":true,"href":"https:\/\/zonaroja.com.mx\/index.php?rest_route=\/wp\/v2\/users\/2"}],"replies":[{"embeddable":true,"href":"https:\/\/zonaroja.com.mx\/index.php?rest_route=%2Fwp%2Fv2%2Fcomments&post=28952"}],"version-history":[{"count":1,"href":"https:\/\/zonaroja.com.mx\/index.php?rest_route=\/wp\/v2\/posts\/28952\/revisions"}],"predecessor-version":[{"id":28953,"href":"https:\/\/zonaroja.com.mx\/index.php?rest_route=\/wp\/v2\/posts\/28952\/revisions\/28953"}],"wp:featuredmedia":[{"embeddable":true,"href":"https:\/\/zonaroja.com.mx\/index.php?rest_route=\/wp\/v2\/media\/28949"}],"wp:attachment":[{"href":"https:\/\/zonaroja.com.mx\/index.php?rest_route=%2Fwp%2Fv2%2Fmedia&parent=28952"}],"wp:term":[{"taxonomy":"category","embeddable":true,"href":"https:\/\/zonaroja.com.mx\/index.php?rest_route=%2Fwp%2Fv2%2Fcategories&post=28952"},{"taxonomy":"post_tag","embeddable":true,"href":"https:\/\/zonaroja.com.mx\/index.php?rest_route=%2Fwp%2Fv2%2Ftags&post=28952"}],"curies":[{"name":"wp","href":"https:\/\/api.w.org\/{rel}","templated":true}]}}