{"id":28955,"date":"2021-06-24T15:58:49","date_gmt":"2021-06-24T20:58:49","guid":{"rendered":"https:\/\/www.zonaroja.com.mx\/?p=28955"},"modified":"2021-06-24T17:25:43","modified_gmt":"2021-06-24T22:25:43","slug":"sin-miedo-al-covid-pero-si-a-las-aulas-la-seccion-22-realiza-marcha-masiva","status":"publish","type":"post","link":"https:\/\/zonaroja.com.mx\/?p=28955","title":{"rendered":"Sin miedo al Covid pero s\u00ed a las aulas, la Secci\u00f3n 22 realiza marcha masiva"},"content":{"rendered":"\n<p class=\"MsoNormal\">Evlin Arag\u00f3n\/Zona Roja. <\/p>\n\n\n\n<p class=\"MsoNormal\">Oaxaca de Ju\u00e1rez, Oax., 24 de junio de 2021.- En la capital del pa\u00eds como en la ciudad de Oaxaca, las marchas y protestas de maestros contin\u00faan, pese al Covid-19 y mientras el magisterio rechaza regresar a las aulas. <\/p>\n\n\n\n<p class=\"MsoNormal\">Este jueves, integrantes de la Secci\u00f3n 22 del Sindicato Nacional de Trabajadores de la Educaci\u00f3n (SNTE) adscritos Valles Centrales, marcharon como parte de una jornada de lucha de 72 horas para exigir la reinstalaci\u00f3n inmediata de la mesa nacional de negociaci\u00f3n encabezada por el Presidente de la Rep\u00fablica, Andr\u00e9s Manuel L\u00f3pez Obrador.  <\/p>\n\n\n\n<p class=\"MsoNormal\">De acuerdo con Alfredo Aquino Juli\u00e1n, representante regional, se trata de una actividad para mostrar el respaldo que desde Oaxaca se da a la lucha que encabezan en la Ciudad de M\u00e9xico las dirigencias de la CNTE, incluida la Secci\u00f3n 22, representada a\u00fan por Eloy L\u00f3pez Hern\u00e1ndez.&nbsp;<\/p>\n\n\n\n<p class=\"MsoNormal\">En este sentido, indic\u00f3 que ser\u00e1 la regi\u00f3n de Valles Centrales la que encabezar\u00e1 el \u201cplant\u00f3n\u201d el d\u00eda de ma\u00f1ana en la plancha del z\u00f3calo de la Ciudad de M\u00e9xico, dando continuidad a los acuerdos tomados a nivel local y nacional.&nbsp;&nbsp;<\/p>\n\n\n\n<p class=\"MsoNormal\">Mientras que en el tema del relevo sindical, detall\u00f3 que con dos intentos fallidos no se ha podido instalar la Asamblea Estatal, debido a la falta de quorum, por lo que el s\u00e1bado 3 de julio han convocado nuevamente a las y los representantes a fin de discutir todo lo que conlleva el cambio de dirigencia.\u00a0\u00a0<\/p>\n\n\n\n<figure class=\"wp-block-embed-twitter wp-block-embed is-type-rich is-provider-twitter\"><div class=\"wp-block-embed__wrapper\">\n<div class=\"twitter-tweet\"><blockquote class=\"twitter-tweet\" data-lang=\"es\"><p lang=\"es\" dir=\"ltr\"><a href=\"https:\/\/twitter.com\/hashtag\/%C3%9AltimoMinuto?src=hash&amp;ref_src=twsrc%5Etfw\">#\u00daltimoMinuto<\/a> <br>1. Pese a pandemia, representaciones de la Secci\u00f3n 22 del SNTE realizan una marcha esta ma\u00f1ana del parque \u201cEl Llano\u201d al z\u00f3calo de la ciudad de Oaxaca. <a href=\"https:\/\/t.co\/ptcXysgzwg\">pic.twitter.com\/ptcXysgzwg<\/a><\/p>&mdash; Zona Roja Oaxaca (@Zona_Roja_Oax) <a href=\"https:\/\/twitter.com\/Zona_Roja_Oax\/status\/1408086629802295301?ref_src=twsrc%5Etfw\">24 de junio de 2021<\/a><\/blockquote><\/div>\n<\/div><\/figure>\n\n\n\n<p class=\"MsoNormal\">Aquino Juli\u00e1n asegur\u00f3 que no ser\u00e1 mediante la violencia que se resuelvan las diferencia al interior de la gremial por lo que dijo, como regi\u00f3n, Valles Centrales se mantendr\u00e1 abierta al di\u00e1logo y al margen de acciones violentas.&nbsp;&nbsp;<\/p>\n\n\n\n<p class=\"MsoNormal\">\u201cLa Asamblea Estatal tiene que actuar con la madurez correspondiente porque no conviene al movimiento ni a nadie un asunto violento al interior de la gremial\u201d, dijo.&nbsp;<\/p>\n\n\n\n<p class=\"MsoNormal\">La marcha de&nbsp;este jueves&nbsp;se dio en medio de la pandemia que a\u00fan persiste en el pa\u00eds y deja entrever la negativa a modo por parte de la gremial en torno al regreso a clases de manera presencial, debido a la falta de condiciones de seguridad sanitaria que argumentan, la cual es menos relevante durante las movilizaciones.&nbsp;<\/p>\n\n\n\n<p class=\"MsoNormal\">Mientras tanto en la Ciudad de M\u00e9xico, integrantes de la CNTE se movilizaron por segunda ocasi\u00f3n; este d\u00eda marcharon hacia la sede de la SEP, para demandar la abrogaci\u00f3n de la Unidad de Medida de Actualizaci\u00f3n, al tasar las pensiones de los jubilados.\u00a0<\/p>\n\n\n\n<figure class=\"wp-block-embed-twitter wp-block-embed is-type-rich is-provider-twitter\"><div class=\"wp-block-embed__wrapper\">\n<div class=\"twitter-tweet\"><blockquote class=\"twitter-tweet\" data-lang=\"es\"><p lang=\"es\" dir=\"ltr\"><a href=\"https:\/\/twitter.com\/hashtag\/%C3%9AltimoMinuto?src=hash&amp;ref_src=twsrc%5Etfw\">#\u00daltimoMinuto<\/a> <br>Y 3. En la Ciudad de M\u00e9xico, la Coordinadora Nacional de Trabajadores de la Educaci\u00f3n (CNTE) inicia una segunda jornada de lucha; ahora protestan frente a las oficinas de la SEP. <a href=\"https:\/\/t.co\/sX0Cfb6lan\">pic.twitter.com\/sX0Cfb6lan<\/a><\/p>&mdash; Zona Roja Oaxaca (@Zona_Roja_Oax) <a href=\"https:\/\/twitter.com\/Zona_Roja_Oax\/status\/1408090857853624324?ref_src=twsrc%5Etfw\">24 de junio de 2021<\/a><\/blockquote><\/div>\n<\/div><\/figure>\n\n\n\n<p class=\"MsoNormal\">TAMBI\u00c9N FPR<\/p>\n\n\n\n<p class=\"MsoNormal\">En otro hecho, el Frente Revolucionario Popular Revolucionario (FPR) y la Uni\u00f3n de Artesanos y Comerciantes Oaxaque\u00f1os en Lucha se manifestaron a las afueras de la Agencia Estatal de Investigaciones, en La Experimental, San Antonio de la Cal, para exigir justicita para el activista Tom\u00e1s Mart\u00ednez, asesinado hace 10 meses en la zona conurbada.&nbsp;&nbsp;<\/p>\n\n\n\n<p class=\"MsoNormal\">\u201c10 meses han pasado desde aquel negro d\u00eda en que creyeron que acabar\u00edan con todo lo que el compa\u00f1ero Tom\u00e1s sembr\u00f3 en las conciencias de miles de campesinos de la Sierra Sur\u201d, refirieron en su comunicado de prensa.&nbsp;&nbsp;<\/p>\n\n\n\n<p class=\"MsoNormal\">Como lo han hecho antes, denunciaron el contubernio de las institucione actuales -federales y estatales- para desviar la atenci\u00f3n de los cr\u00edmenes contra luchadores sociales, de ah\u00ed que aseguran la justicia plena no llegar\u00e1 hasta que no exista un cambi\u00f3 de fondo en las dependencias.\u00a0\u00a0<\/p>\n\n\n\n<figure class=\"wp-block-embed-twitter wp-block-embed is-type-rich is-provider-twitter\"><div class=\"wp-block-embed__wrapper\">\n<div class=\"twitter-tweet\"><blockquote class=\"twitter-tweet\" data-lang=\"es\"><p lang=\"es\" dir=\"ltr\">Mitin en las instalaciones de la fiscal\u00eda de Oaxaca a 10 meses del cobarde asesinato de Tom\u00e1s Mart\u00ednez. <br>Peimbert, basta de dilaci\u00f3n en el caso de nuestro camarada. <br>\u00a1Basta de simulaci\u00f3n, exigimos justicia! <a href=\"https:\/\/twitter.com\/hashtag\/JusticiaparaTom%C3%A1sMart%C3%ADnez?src=hash&amp;ref_src=twsrc%5Etfw\">#JusticiaparaTom\u00e1sMart\u00ednez<\/a> <a href=\"https:\/\/twitter.com\/hashtag\/OaxacasinJusticia?src=hash&amp;ref_src=twsrc%5Etfw\">#OaxacasinJusticia<\/a> <a href=\"https:\/\/twitter.com\/hashtag\/OaxacaSinLey?src=hash&amp;ref_src=twsrc%5Etfw\">#OaxacaSinLey<\/a> <a href=\"https:\/\/twitter.com\/hashtag\/FueElEstado?src=hash&amp;ref_src=twsrc%5Etfw\">#FueElEstado<\/a> <a href=\"https:\/\/t.co\/brIDI4T0CD\">pic.twitter.com\/brIDI4T0CD<\/a><\/p>&mdash; FPR OAXACA (@FPR_OAXACA) <a href=\"https:\/\/twitter.com\/FPR_OAXACA\/status\/1408083658259406850?ref_src=twsrc%5Etfw\">24 de junio de 2021<\/a><\/blockquote><\/div>\n<\/div><\/figure>\n\n\n\n<p class=\"MsoNormal\">Y es que explicaron, la actitud del fiscal Arturo Peimbert es la misma que la del ex fiscal Rub\u00e9n Vasconcelos; falta de informaci\u00f3n, dilaci\u00f3n del caso y nula atenci\u00f3n, siguen siendo una constante en la Fiscal\u00eda.&nbsp;<\/p>\n\n\n\n<p class=\"MsoNormal\">Pese a lo anterior, aseguraron que no cesar\u00e1n en la exigencia de justicia, hasta lograr que los asesinos materiales e intelectuales de Tom\u00e1s Mart\u00ednez est\u00e9n en la c\u00e1rcel \u201cpagando por habernos arrancado a un compa\u00f1ero de lucha, a un camarada de combate, a un imprescindible\u201d.  <\/p>\n","protected":false},"excerpt":{"rendered":"<p>Evlin Arag\u00f3n\/Zona Roja. Oaxaca de Ju\u00e1rez, Oax., 24 de junio de 2021.- En la capital&hellip;<\/p>\n","protected":false},"author":2,"featured_media":28954,"comment_status":"closed","ping_status":"open","sticky":false,"template":"","format":"standard","meta":{"_lmt_disableupdate":"","_lmt_disable":"","_jetpack_memberships_contains_paid_content":false,"footnotes":""},"categories":[109,47],"tags":[312],"class_list":["post-28955","post","type-post","status-publish","format-standard","has-post-thumbnail","hentry","category-minuto-a-minuto","category-zona-gris","tag-seccion-22-del-snte"],"jetpack_featured_media_url":"https:\/\/zonaroja.com.mx\/wp-content\/uploads\/2021\/06\/ee4b1ab1-142b-4282-a327-87ca2d8475f5.jpg","jetpack_sharing_enabled":true,"_links":{"self":[{"href":"https:\/\/zonaroja.com.mx\/index.php?rest_route=\/wp\/v2\/posts\/28955","targetHints":{"allow":["GET"]}}],"collection":[{"href":"https:\/\/zonaroja.com.mx\/index.php?rest_route=\/wp\/v2\/posts"}],"about":[{"href":"https:\/\/zonaroja.com.mx\/index.php?rest_route=\/wp\/v2\/types\/post"}],"author":[{"embeddable":true,"href":"https:\/\/zonaroja.com.mx\/index.php?rest_route=\/wp\/v2\/users\/2"}],"replies":[{"embeddable":true,"href":"https:\/\/zonaroja.com.mx\/index.php?rest_route=%2Fwp%2Fv2%2Fcomments&post=28955"}],"version-history":[{"count":2,"href":"https:\/\/zonaroja.com.mx\/index.php?rest_route=\/wp\/v2\/posts\/28955\/revisions"}],"predecessor-version":[{"id":28961,"href":"https:\/\/zonaroja.com.mx\/index.php?rest_route=\/wp\/v2\/posts\/28955\/revisions\/28961"}],"wp:featuredmedia":[{"embeddable":true,"href":"https:\/\/zonaroja.com.mx\/index.php?rest_route=\/wp\/v2\/media\/28954"}],"wp:attachment":[{"href":"https:\/\/zonaroja.com.mx\/index.php?rest_route=%2Fwp%2Fv2%2Fmedia&parent=28955"}],"wp:term":[{"taxonomy":"category","embeddable":true,"href":"https:\/\/zonaroja.com.mx\/index.php?rest_route=%2Fwp%2Fv2%2Fcategories&post=28955"},{"taxonomy":"post_tag","embeddable":true,"href":"https:\/\/zonaroja.com.mx\/index.php?rest_route=%2Fwp%2Fv2%2Ftags&post=28955"}],"curies":[{"name":"wp","href":"https:\/\/api.w.org\/{rel}","templated":true}]}}