{"id":28962,"date":"2021-06-24T17:50:54","date_gmt":"2021-06-24T22:50:54","guid":{"rendered":"http:\/\/www.zonaroja.com.mx\/?p=28962"},"modified":"2021-06-24T17:50:55","modified_gmt":"2021-06-24T22:50:55","slug":"feminicidio-en-oaxaca-matan-a-balazos-a-brisa-del-carmen-de-24-anos","status":"publish","type":"post","link":"https:\/\/zonaroja.com.mx\/?p=28962","title":{"rendered":"Feminicidio en Oaxaca: matan a balazos a Brisa del Carmen, de 24 a\u00f1os"},"content":{"rendered":"\n<p>Redacci\u00f3n\/Zona Roja.  Foto: Reporte Istmo.<\/p>\n\n\n\n<p>Oaxaca de Ju\u00e1rez, Oax., 24 de junio de 2021.- Como Brisa del Carmen S., de 24 a\u00f1os de edad, fue identificada de manera preliminar la mujer asesinada en Juchit\u00e1n de Zaragoza, municipio de la regi\u00f3n del Istmo, Oaxaca.<\/p>\n\n\n\n<p>La ma\u00f1ana de este jueves fue descubierto el cad\u00e1ver a un costado de la carretera local que conduce de la cabecera municipal a la agencia \u00c1lvaro Obreg\u00f3n, y presenta diversas lesiones, presumiblemente de disparos de arma de fuego.<\/p>\n\n\n\n<p>Hasta el momento se desconoce las causas del probable feminicidio de la joven, que tuvo su domicilio en la colonia San Isidro de la S\u00e9ptima Secci\u00f3n de Juchit\u00e1n.<\/p>\n\n\n\n<p>VAN 531<\/p>\n\n\n\n<p>El Centro de Documentaci\u00f3n del Grupo de Estudios de la Mujer (GES-Mujer) conden\u00f3 los hechos y detall\u00f3 que con \u00e9ste, suman 531muertes violentas en el sexenio del mandatario Alejandro Murat Hinojosa.<\/p>\n\n\n\n<p>El a\u00f1o m\u00e1s violento en la actualadministraci\u00f3n fue el 2019, con 135 probables feminicidios; la regi\u00f3n con m\u00e1s cr\u00edmenes es Valles Centrales, con 111 de las 531 muertes.<\/p>\n\n\n\n<p>Del 1 de enero a la fecha suman 36 mujeres asesinadas; desde la emisi\u00f3n de la Alerta de G\u00e9nero para 40 municipios, suman 316 casos.<\/p>\n\n\n\n<p>El 58 por ciento de las mujeres ha sido ultimada por dispar de armas de fuego.<\/p>\n\n\n\n<p>Por sexenio, en el de Jos\u00e9 Murat se cometieron 429 asesinatos; con Ulises Ruiz, 283; con Gabino Cu\u00e9 Monteagudo, 527 y con Alejandro Murat van 531 y a\u00fan le falta a\u00f1o y medio de mandato.<\/p>\n","protected":false},"excerpt":{"rendered":"<p>Redacci\u00f3n\/Zona Roja. Foto: Reporte Istmo. Oaxaca de Ju\u00e1rez, Oax., 24 de junio de 2021.- Como&hellip;<\/p>\n","protected":false},"author":2,"featured_media":28963,"comment_status":"closed","ping_status":"open","sticky":false,"template":"","format":"standard","meta":{"_lmt_disableupdate":"","_lmt_disable":"","_jetpack_memberships_contains_paid_content":false,"footnotes":""},"categories":[109,51],"tags":[610,123],"class_list":["post-28962","post","type-post","status-publish","format-standard","has-post-thumbnail","hentry","category-minuto-a-minuto","category-zona-roja","tag-feminicidios-oaxaca","tag-juchitan-de-zaragoza"],"jetpack_featured_media_url":"https:\/\/zonaroja.com.mx\/wp-content\/uploads\/2021\/06\/Feminicidio-Juchitan.jpg","jetpack_sharing_enabled":true,"_links":{"self":[{"href":"https:\/\/zonaroja.com.mx\/index.php?rest_route=\/wp\/v2\/posts\/28962","targetHints":{"allow":["GET"]}}],"collection":[{"href":"https:\/\/zonaroja.com.mx\/index.php?rest_route=\/wp\/v2\/posts"}],"about":[{"href":"https:\/\/zonaroja.com.mx\/index.php?rest_route=\/wp\/v2\/types\/post"}],"author":[{"embeddable":true,"href":"https:\/\/zonaroja.com.mx\/index.php?rest_route=\/wp\/v2\/users\/2"}],"replies":[{"embeddable":true,"href":"https:\/\/zonaroja.com.mx\/index.php?rest_route=%2Fwp%2Fv2%2Fcomments&post=28962"}],"version-history":[{"count":1,"href":"https:\/\/zonaroja.com.mx\/index.php?rest_route=\/wp\/v2\/posts\/28962\/revisions"}],"predecessor-version":[{"id":28964,"href":"https:\/\/zonaroja.com.mx\/index.php?rest_route=\/wp\/v2\/posts\/28962\/revisions\/28964"}],"wp:featuredmedia":[{"embeddable":true,"href":"https:\/\/zonaroja.com.mx\/index.php?rest_route=\/wp\/v2\/media\/28963"}],"wp:attachment":[{"href":"https:\/\/zonaroja.com.mx\/index.php?rest_route=%2Fwp%2Fv2%2Fmedia&parent=28962"}],"wp:term":[{"taxonomy":"category","embeddable":true,"href":"https:\/\/zonaroja.com.mx\/index.php?rest_route=%2Fwp%2Fv2%2Fcategories&post=28962"},{"taxonomy":"post_tag","embeddable":true,"href":"https:\/\/zonaroja.com.mx\/index.php?rest_route=%2Fwp%2Fv2%2Ftags&post=28962"}],"curies":[{"name":"wp","href":"https:\/\/api.w.org\/{rel}","templated":true}]}}