{"id":28965,"date":"2021-06-24T20:21:31","date_gmt":"2021-06-25T01:21:31","guid":{"rendered":"http:\/\/www.zonaroja.com.mx\/?p=28965"},"modified":"2021-06-24T20:21:34","modified_gmt":"2021-06-25T01:21:34","slug":"impulsa-diputada-que-oaxaca-reconozca-autoridad-de-onu-en-materia-de-desaparicion","status":"publish","type":"post","link":"https:\/\/zonaroja.com.mx\/?p=28965","title":{"rendered":"Impulsa diputada que Oaxaca reconozca autoridad de ONU en materia de desaparici\u00f3n"},"content":{"rendered":"\n<p>Redacci\u00f3n\/Zona Roja.<\/p>\n\n\n\n<p>Oaxaca de Ju\u00e1rez, Oax., 24 de junio de 2021. La diputada Magaly L\u00f3pez Dom\u00ednguez propuso al Congreso local reformar la Ley en Materia de Desaparici\u00f3n de Personas para el Estado de Oaxaca, con el objetivo de que el organismo local respectivo deba cumplir las resoluciones del Comit\u00e9 contra la Desaparici\u00f3n Forzada de la Organizaci\u00f3n de las Naciones Unidas (ONU).<\/p>\n\n\n\n<p>La iniciativa propone adicionar la fracci\u00f3n segunda al art\u00edculo 24 de esa ley, para establecer entre las atribuciones de la Comisi\u00f3n Estatal de B\u00fasqueda el atender y cumplir con las medidas y acciones urgentes emitidas por ese Comit\u00e9 de la ONU, en acatamiento de una resoluci\u00f3n que la Suprema Corte de Justicia de la Naci\u00f3n (SCJN) emiti\u00f3 sobre el particular, apenas la semana pasada.<\/p>\n\n\n\n<p>La propuesta tambi\u00e9n obligar\u00eda a la Comisi\u00f3n Estatal de B\u00fasqueda a cumplir con todas las observaciones y recomendaciones emitidas por los dem\u00e1s \u00f3rganos vigilantes de los tratados internacionales de derechos humanos a los que el Estado Mexicano haya reconocido la competencia.<\/p>\n\n\n\n<p>Al exponer su iniciativa, la diputada presidenta de la Comisi\u00f3n Permanente de Derechos Humanos, explic\u00f3 que el 16 de junio, la SCJN resolvi\u00f3 que el cumplimiento de las medidas y acciones urgentes emitidas por el Comit\u00e9 contra la Desaparici\u00f3n Forzada de la ONU es obligatorio para las autoridades del Estado mexicano, y que dicho cumplimiento debe ser supervisado judicial y constitucionalmente.<\/p>\n\n\n\n<p>L\u00f3pez Dom\u00ednguez calific\u00f3 esa resoluci\u00f3n como \u201cuna determinaci\u00f3n hist\u00f3rica\u201d, pues afectar\u00e1 de manera profunda tanto el servicio p\u00fablico como la procuraci\u00f3n de justicia en nuestro pa\u00eds.<\/p>\n\n\n\n<p>\u201cSe trata de un parteaguas jur\u00eddico, que inserta a M\u00e9xico en el concierto de las naciones e impulsa a nuestra sociedad hacia la protecci\u00f3n plena que siempre debi\u00f3 brindarle el derecho internacional de los derechos humanos\u201d, dijo en tribuna.<\/p>\n\n\n\n<p>Dijo confiar que a partir de esa determinaci\u00f3n de la Corte, \u201cpronto habr\u00e1 una cascada de resoluciones que apliquen el mismo criterio\u201d, estableciendo la obligatoriedad de las recomendaciones y acciones urgentes de los distintos organismos vigilantes de los tratados de las Naciones Unidas, e incluso del sistema interamericano de derechos humanos.<\/p>\n\n\n\n<p>La reforma a la Ley en Materia de Desaparici\u00f3n de Personas para el Estado de Oaxaca, promovida por la diputada Magaly L\u00f3pez Dom\u00ednguez, recibida por la Diputaci\u00f3n Permanente, fue turnada para su an\u00e1lisis y dictamen a las comisiones permanentes unidas de Administraci\u00f3n y Procuraci\u00f3n de Justicia y de Derechos Humanos.<\/p>\n","protected":false},"excerpt":{"rendered":"<p>Redacci\u00f3n\/Zona Roja. Oaxaca de Ju\u00e1rez, Oax., 24 de junio de 2021. La diputada Magaly L\u00f3pez&hellip;<\/p>\n","protected":false},"author":2,"featured_media":28947,"comment_status":"closed","ping_status":"open","sticky":false,"template":"","format":"standard","meta":{"_lmt_disableupdate":"","_lmt_disable":"","_jetpack_memberships_contains_paid_content":false,"footnotes":""},"categories":[109,47],"tags":[192],"class_list":["post-28965","post","type-post","status-publish","format-standard","has-post-thumbnail","hentry","category-minuto-a-minuto","category-zona-gris","tag-diputada-magaly-lopez-dominguez"],"jetpack_featured_media_url":"https:\/\/zonaroja.com.mx\/wp-content\/uploads\/2021\/06\/Magaly-Lopez-3.jpg","jetpack_sharing_enabled":true,"_links":{"self":[{"href":"https:\/\/zonaroja.com.mx\/index.php?rest_route=\/wp\/v2\/posts\/28965","targetHints":{"allow":["GET"]}}],"collection":[{"href":"https:\/\/zonaroja.com.mx\/index.php?rest_route=\/wp\/v2\/posts"}],"about":[{"href":"https:\/\/zonaroja.com.mx\/index.php?rest_route=\/wp\/v2\/types\/post"}],"author":[{"embeddable":true,"href":"https:\/\/zonaroja.com.mx\/index.php?rest_route=\/wp\/v2\/users\/2"}],"replies":[{"embeddable":true,"href":"https:\/\/zonaroja.com.mx\/index.php?rest_route=%2Fwp%2Fv2%2Fcomments&post=28965"}],"version-history":[{"count":1,"href":"https:\/\/zonaroja.com.mx\/index.php?rest_route=\/wp\/v2\/posts\/28965\/revisions"}],"predecessor-version":[{"id":28966,"href":"https:\/\/zonaroja.com.mx\/index.php?rest_route=\/wp\/v2\/posts\/28965\/revisions\/28966"}],"wp:featuredmedia":[{"embeddable":true,"href":"https:\/\/zonaroja.com.mx\/index.php?rest_route=\/wp\/v2\/media\/28947"}],"wp:attachment":[{"href":"https:\/\/zonaroja.com.mx\/index.php?rest_route=%2Fwp%2Fv2%2Fmedia&parent=28965"}],"wp:term":[{"taxonomy":"category","embeddable":true,"href":"https:\/\/zonaroja.com.mx\/index.php?rest_route=%2Fwp%2Fv2%2Fcategories&post=28965"},{"taxonomy":"post_tag","embeddable":true,"href":"https:\/\/zonaroja.com.mx\/index.php?rest_route=%2Fwp%2Fv2%2Ftags&post=28965"}],"curies":[{"name":"wp","href":"https:\/\/api.w.org\/{rel}","templated":true}]}}