{"id":28980,"date":"2021-06-25T08:18:31","date_gmt":"2021-06-25T13:18:31","guid":{"rendered":"http:\/\/www.zonaroja.com.mx\/?p=28980"},"modified":"2021-06-25T08:18:34","modified_gmt":"2021-06-25T13:18:34","slug":"profesionalizan-a-personal-del-pjeo-en-precedentes-judiciales-y-redaccion-de-sentencias","status":"publish","type":"post","link":"https:\/\/zonaroja.com.mx\/?p=28980","title":{"rendered":"Profesionalizan a personal del PJEO en Precedentes judiciales y Redacci\u00f3n de sentencias"},"content":{"rendered":"\n<p>Redacci\u00f3n\/Zona Roja.<\/p>\n\n\n\n<p>Oaxaca de Ju\u00e1rez, Oax., 25 de junio de 2021.- Como parte de la iniciativa del Poder Judicial del Estado para fortalecer la profesionalizaci\u00f3n de las y los servidores en la labor jurisdiccional, Francisco Garc\u00eda Sandoval, integrante del S\u00e9ptimo Tribunal Colegiado en Materia Administrativa del Primer Circuito, desarrolla una serie de capacitaciones a personal de la instituci\u00f3n sobre Precedentes judiciales y Redacci\u00f3n de sentencias judiciales.<\/p>\n\n\n\n<p>A invitaci\u00f3n de su titular, Magistrado Eduardo Pinacho S\u00e1nchez, a trav\u00e9s de la Escuela Judicial del Consejo de la Judicatura, en los meses de junio a septiembre juezas y jueces de las regiones del estado, secretarias y secretarios de acuerdos de los diferentes Juzgados de Primera Instancia, as\u00ed como secretarias y secretarios de sala del Tribunal Superior de Justicia desarrollan diversas habilidades que se ver\u00e1n reflejadas en la emisi\u00f3n de las sentencias sobre los casos conocidos en los \u00f3rganos jurisdiccionales.<\/p>\n\n\n\n<p>Como primera actividad, el experto en el \u00e1mbito jur\u00eddico imparte el curso virtual \u201cPrecedentes judiciales\u201d, en el que las y los juzgadores se actualizan sobre los procesos de creaci\u00f3n, cambio, publicaci\u00f3n y seguimiento de los precedentes judiciales, as\u00ed como de los procesos de generaci\u00f3n de tesis aisladas de jurisprudencia.<\/p>\n\n\n\n<p>Adem\u00e1s, lleva a cabo el \u201cTaller de redacci\u00f3n de sentencias judiciales\u201d, para proveer las herramientas que permitan a las y los operadores jur\u00eddicos conocer sobre la estructura de una sentencia y la forma correcta de redactarla, mismo que se desarrollar\u00e1 durante los meses de junio y julio para un primer grupo y de agosto a septiembre para un segundo equipo de participantes.<\/p>\n\n\n\n<p>El Magistrado Francisco Garc\u00eda Sandoval es Licenciado en Derecho por la Universidad Michoacana de San Nicol\u00e1s de Hidalgo; cuenta con una Maestr\u00eda en Derecho con Especialidad de Amparo en la Universidad Aut\u00f3noma de Nuevo Le\u00f3n; ha ocupado diversos encargos dentro del Poder Judicial de la Federaci\u00f3n y de la Suprema Corte de Justicia de la Naci\u00f3n, con m\u00e1s de 16 a\u00f1os en la Carrera Judicial<\/p>\n\n\n\n<p>Ha participado como ponente en diversos eventos acad\u00e9micos encaminados a capacitar a las y los profesionistas del derecho para el mejor desempe\u00f1o de la funci\u00f3n jurisdiccional, adem\u00e1s de desarrollar actividades como docente en diferentes universidades e institutos jur\u00eddicos y realizar publicaciones especializadas en el tema administrativo.<\/p>\n","protected":false},"excerpt":{"rendered":"<p>Redacci\u00f3n\/Zona Roja. Oaxaca de Ju\u00e1rez, Oax., 25 de junio de 2021.- Como parte de la&hellip;<\/p>\n","protected":false},"author":2,"featured_media":28981,"comment_status":"closed","ping_status":"open","sticky":false,"template":"","format":"standard","meta":{"_lmt_disableupdate":"","_lmt_disable":"","_jetpack_memberships_contains_paid_content":false,"footnotes":""},"categories":[109,46],"tags":[223],"class_list":["post-28980","post","type-post","status-publish","format-standard","has-post-thumbnail","hentry","category-minuto-a-minuto","category-zona-blanca","tag-poder-judicial-de-oaxaca"],"jetpack_featured_media_url":"https:\/\/zonaroja.com.mx\/wp-content\/uploads\/2021\/06\/Profesionalizacion-a-personal-judicial.jpg","jetpack_sharing_enabled":true,"_links":{"self":[{"href":"https:\/\/zonaroja.com.mx\/index.php?rest_route=\/wp\/v2\/posts\/28980","targetHints":{"allow":["GET"]}}],"collection":[{"href":"https:\/\/zonaroja.com.mx\/index.php?rest_route=\/wp\/v2\/posts"}],"about":[{"href":"https:\/\/zonaroja.com.mx\/index.php?rest_route=\/wp\/v2\/types\/post"}],"author":[{"embeddable":true,"href":"https:\/\/zonaroja.com.mx\/index.php?rest_route=\/wp\/v2\/users\/2"}],"replies":[{"embeddable":true,"href":"https:\/\/zonaroja.com.mx\/index.php?rest_route=%2Fwp%2Fv2%2Fcomments&post=28980"}],"version-history":[{"count":1,"href":"https:\/\/zonaroja.com.mx\/index.php?rest_route=\/wp\/v2\/posts\/28980\/revisions"}],"predecessor-version":[{"id":28982,"href":"https:\/\/zonaroja.com.mx\/index.php?rest_route=\/wp\/v2\/posts\/28980\/revisions\/28982"}],"wp:featuredmedia":[{"embeddable":true,"href":"https:\/\/zonaroja.com.mx\/index.php?rest_route=\/wp\/v2\/media\/28981"}],"wp:attachment":[{"href":"https:\/\/zonaroja.com.mx\/index.php?rest_route=%2Fwp%2Fv2%2Fmedia&parent=28980"}],"wp:term":[{"taxonomy":"category","embeddable":true,"href":"https:\/\/zonaroja.com.mx\/index.php?rest_route=%2Fwp%2Fv2%2Fcategories&post=28980"},{"taxonomy":"post_tag","embeddable":true,"href":"https:\/\/zonaroja.com.mx\/index.php?rest_route=%2Fwp%2Fv2%2Ftags&post=28980"}],"curies":[{"name":"wp","href":"https:\/\/api.w.org\/{rel}","templated":true}]}}