{"id":28983,"date":"2021-06-25T08:27:45","date_gmt":"2021-06-25T13:27:45","guid":{"rendered":"http:\/\/www.zonaroja.com.mx\/?p=28983"},"modified":"2021-06-25T08:27:47","modified_gmt":"2021-06-25T13:27:47","slug":"oaxaca-sexto-lugar-en-decesos-de-ninas-ninos-y-adolescentes-por-covid-19","status":"publish","type":"post","link":"https:\/\/zonaroja.com.mx\/?p=28983","title":{"rendered":"Oaxaca, sexto lugar en decesos de ni\u00f1as, ni\u00f1os y adolescentes por Covid-19"},"content":{"rendered":"\n<p>Evlin Arag\u00f3n\/Zona Roja.<\/p>\n\n\n\n<p>Oaxaca de Ju\u00e1rez, Oax., 25 de junio de 2021.- Veintinueve fallecimientos en la poblaci\u00f3n infantil y juvenil se han registrado en Oaxaca con motivo de la pandemia por Sars-Cov2, lo anterior de acuerdo con los datos proporcionados por el Sistema de Protecci\u00f3n Integral de los Derechos de las Ni\u00f1as, Ni\u00f1os y Adolescentes (SIPINNA).&nbsp;&nbsp;<\/p>\n\n\n\n<p>La cifra ubica a la entidad oaxaque\u00f1a en el puesto n\u00famero seis de los estados con mayor n\u00famero de defunciones en este grupo poblacional, s\u00f3lo por debajo del Estado de M\u00e9xico, con 87; Baja California, con 42; Puebla y Nuevo Le\u00f3n en empate t\u00e9cnico, con 39; Ciudad de M\u00e9xico, con 36; y Guanajuato, con 34.&nbsp;&nbsp;<\/p>\n\n\n\n<p>De acuerdo con el m\u00e1s reciente reporte emitido por los Servicios de Salud, con corte al 20 de junio de 2020, las v\u00edctimas mortales en la entidad oaxaque\u00f1a son 19 varones y 10 mujeres, 23 de los cuales est\u00e1n ubicado en el rango de 0 a 5 a\u00f1os; otros 3 en el de los 6 a 11 a\u00f1os; y tres m\u00e1s adolescentes en el rango de 12 a 17 a\u00f1os.<\/p>\n\n\n\n<p>Con lo anterior, en Oaxaca el rango de edad con m\u00e1s alto riesgo es el de menores de cinco a\u00f1os.&nbsp;<\/p>\n\n\n\n<p>Los municipios donde se registraron los decesos son: Oaxaca de Ju\u00e1rez, con tres decesos; as\u00ed como San Pedro Pochutla, Santa Ana Zegache, Juchit\u00e1n de Zaragoza, y Santa Cruz Xoxocotl\u00e1n, con dos decesos cada una.&nbsp;<\/p>\n\n\n\n<p>De igual forma San Pedro Ixtlahuaca, Asunci\u00f3n Nochixtl\u00e1n, Santa Mar\u00eda Huatulco, Santa Catarina Mechoac\u00e1n, San Felipe Jalapa de D\u00edaz, Abejones, Magdalena Teitipac, Putla Villa de Guerrero, Salina Cruz, Santa Mar\u00eda Lachix\u00edo, Candelaria Loxicha, y Santo Domingo Tehuantepec.&nbsp;<\/p>\n\n\n\n<p>Mientras que los m\u00e1s recientes son: San Juan Bautista Atatlahuca, Santos Reyes Nopala, San Andr\u00e9s Solaga, Santa Mar\u00eda Colotepec y Santa Ana.&nbsp;<\/p>\n\n\n\n<p>En lo que va de la pandemia -de abril de 2020 a junio de 2021- 53 mil 240 ni\u00f1as, ni\u00f1os y adolescentes han dado positivo al SARS-CoV-2 en toda la Rep\u00fablica, de los cuales se han registrado 572 defunciones; 258 mujeres y 314 varones.&nbsp;<\/p>\n\n\n\n<p>Oaxaca ha reportado un total de mil 371 casos positivos; 609 mujeres y 762 varones, de los cuales 29 han fallecido.&nbsp;<\/p>\n","protected":false},"excerpt":{"rendered":"<p>Evlin Arag\u00f3n\/Zona Roja. Oaxaca de Ju\u00e1rez, Oax., 25 de junio de 2021.- Veintinueve fallecimientos en&hellip;<\/p>\n","protected":false},"author":2,"featured_media":28984,"comment_status":"closed","ping_status":"open","sticky":false,"template":"","format":"standard","meta":{"_lmt_disableupdate":"","_lmt_disable":"","_jetpack_memberships_contains_paid_content":false,"footnotes":""},"categories":[109,47],"tags":[1512],"class_list":["post-28983","post","type-post","status-publish","format-standard","has-post-thumbnail","hentry","category-minuto-a-minuto","category-zona-gris","tag-coronavirus-oaxaca"],"jetpack_featured_media_url":"https:\/\/zonaroja.com.mx\/wp-content\/uploads\/2021\/06\/Coronavirus-ninos-1.jpg","jetpack_sharing_enabled":true,"_links":{"self":[{"href":"https:\/\/zonaroja.com.mx\/index.php?rest_route=\/wp\/v2\/posts\/28983","targetHints":{"allow":["GET"]}}],"collection":[{"href":"https:\/\/zonaroja.com.mx\/index.php?rest_route=\/wp\/v2\/posts"}],"about":[{"href":"https:\/\/zonaroja.com.mx\/index.php?rest_route=\/wp\/v2\/types\/post"}],"author":[{"embeddable":true,"href":"https:\/\/zonaroja.com.mx\/index.php?rest_route=\/wp\/v2\/users\/2"}],"replies":[{"embeddable":true,"href":"https:\/\/zonaroja.com.mx\/index.php?rest_route=%2Fwp%2Fv2%2Fcomments&post=28983"}],"version-history":[{"count":1,"href":"https:\/\/zonaroja.com.mx\/index.php?rest_route=\/wp\/v2\/posts\/28983\/revisions"}],"predecessor-version":[{"id":28985,"href":"https:\/\/zonaroja.com.mx\/index.php?rest_route=\/wp\/v2\/posts\/28983\/revisions\/28985"}],"wp:featuredmedia":[{"embeddable":true,"href":"https:\/\/zonaroja.com.mx\/index.php?rest_route=\/wp\/v2\/media\/28984"}],"wp:attachment":[{"href":"https:\/\/zonaroja.com.mx\/index.php?rest_route=%2Fwp%2Fv2%2Fmedia&parent=28983"}],"wp:term":[{"taxonomy":"category","embeddable":true,"href":"https:\/\/zonaroja.com.mx\/index.php?rest_route=%2Fwp%2Fv2%2Fcategories&post=28983"},{"taxonomy":"post_tag","embeddable":true,"href":"https:\/\/zonaroja.com.mx\/index.php?rest_route=%2Fwp%2Fv2%2Ftags&post=28983"}],"curies":[{"name":"wp","href":"https:\/\/api.w.org\/{rel}","templated":true}]}}