{"id":28991,"date":"2021-06-25T16:26:53","date_gmt":"2021-06-25T21:26:53","guid":{"rendered":"http:\/\/www.zonaroja.com.mx\/?p=28991"},"modified":"2021-06-25T16:26:55","modified_gmt":"2021-06-25T21:26:55","slug":"lizeth-lucha-por-su-vida-tras-contraer-el-hongo-negro-pide-ayuda","status":"publish","type":"post","link":"https:\/\/zonaroja.com.mx\/?p=28991","title":{"rendered":"Lizeth lucha por su vida tras contraer el \u201chongo negro\u201d; pide ayuda"},"content":{"rendered":"\n<p>Evlin Arag\u00f3n\/Zona Roja. Foto: Ilustraci\u00f3n<\/p>\n\n\n\n<p>Oaxaca de Ju\u00e1rez, Oax., 25 de junio de 2021.- A sus 37 a\u00f1os de edad, Lizeth Jim\u00e9nez Leyva no solo se enfrent\u00f3 a la Covid-19, de la cual sali\u00f3 adelante, sino que hoy en d\u00eda es una de las dos v\u00edctimas del \u201chongo negro\u201d reportadas en Oaxaca, infecci\u00f3n que se extiende a trav\u00e9s del aparato respiratorio y erosiona las estructuras faciales.<\/p>\n\n\n\n<p>La hermana de Lizeth ha utilizado sus redes sociales para informar la situaci\u00f3n a la que se enfrenta la paciente, hoy internada en el Hospital de Especialidades de Oaxaca, donde la intervinieron de manera urgente debido a las afectaciones que le ha provocado la mucormicosis.<\/p>\n\n\n\n<p>\u201cElla tiene 37 a\u00f1os, en d\u00edas pasados contrajo Covid-19, saliendo adelante frente a esto pero durante su cuarentena se infect\u00f3 de un hongo llamado mucormicosis asociado a una osteomielitis, este hongo (negro) es invasivo y se multiplica r\u00e1pidamente y dispersa\u201d, refiere la usuaria de Facebook, Jim\u00e9nez Sharys.<\/p>\n\n\n\n<p>En la misma publicaci\u00f3n asegura que, desde que fue internada, su hermana ha recibido tratamiento, incluso la intervinieron quir\u00fargicamente logrando eliminar el avance del hongo en el rostro.<\/p>\n\n\n\n<p>Sin embargo, el medicamento que le aplicaron en un inicio ha da\u00f1ado algunos \u00f3rganos del cuerpo por lo que ya ha sido modificado por el personal m\u00e9dico.<\/p>\n\n\n\n<p>\u201cLa ves\u00edcula se inflam\u00f3 y la operaron, actualmente el ri\u00f1\u00f3n termin\u00f3 afectado provocando una falla renal, lo cual tomaron la decisi\u00f3n de cambiar el medicamento el d\u00eda de hoy 24 de junio de 2021, esperando mejores resultado\u201d, indica.<\/p>\n\n\n\n<p>Ante dicho escenario, solicita el apoyo de la ciudadan\u00eda para difundir el caso y, de manera particular, ayudar a su familia a encontrar especialistas que puedan atender el padecimiento, toda vez que al tratarse de una enfermedad nueva y desconocida en Oaxaca la vida de su hermana corre riesgo.<\/p>\n\n\n\n<p>\u201cSi conocen alg\u00fan especialista que quiera brindar su apoyo o alg\u00fan medio de comunicaci\u00f3n que nos quiera dar difusi\u00f3n,&nbsp; queremos que si hay personas que nos puedan brindar su apoyo, porque estamos ante una enfermedad nueva y desconocida la cual est\u00e1 cobrando lentamente la vida de mi hermana Lizeth Jim\u00e9nez Leyva\u201d, manifiesta.<\/p>\n\n\n\n<p>De acuerdo con las autoridades de Salud, en Oaxaca han sido reportados dos casos, el primero de ellos de un var\u00f3n de 55 a\u00f1os de edad, y el segundo el de Lizeth de 37 a\u00f1os; ambos con padecimiento previo de Covid-19.<\/p>\n\n\n\n<p>Seg\u00fan informaci\u00f3n recaba por la periodista Nadia Altamirano, el var\u00f3n diagnosticado con dicho padecimiento falleci\u00f3 debido a una falla multiorg\u00e1nica, cuatro d\u00edas despu\u00e9s de haber sido internado en el Hospital de Alta Especialidad; mientras que Lizeth lucha por su vida.<\/p>\n\n\n\n<p>La mucormicosis es una infecci\u00f3n f\u00fangica invasiva grave y a menudo mortal, que se ha dado a conocer en respuesta a un brote de casos en la India, donde se inform\u00f3 de miles de casos a ra\u00edz de la segunda ola de casos de Covid-19, lo que atrae la atenci\u00f3n mundial sobre esta enfermedad mortal pero desatendida.<\/p>\n\n\n\n<p>Aunque generalmente es inofensiva para un hu\u00e9sped inmunocompetente, la infecci\u00f3n puede ser mortal en pacientes con un sistema inmunol\u00f3gico deteriorado, como aquellos con neoplasias hematol\u00f3gicas o diabetes mal controlada, o en individuos que reciben esteroides u otros inmunosupresores.<\/p>\n","protected":false},"excerpt":{"rendered":"<p>Evlin Arag\u00f3n\/Zona Roja. Foto: Ilustraci\u00f3n Oaxaca de Ju\u00e1rez, Oax., 25 de junio de 2021.- A&hellip;<\/p>\n","protected":false},"author":2,"featured_media":28992,"comment_status":"closed","ping_status":"open","sticky":false,"template":"","format":"standard","meta":{"_lmt_disableupdate":"","_lmt_disable":"","_jetpack_memberships_contains_paid_content":false,"footnotes":""},"categories":[109,47],"tags":[1572],"class_list":["post-28991","post","type-post","status-publish","format-standard","has-post-thumbnail","hentry","category-minuto-a-minuto","category-zona-gris","tag-hospital-regional-de-alta-especialidad-oaxaca"],"jetpack_featured_media_url":"https:\/\/zonaroja.com.mx\/wp-content\/uploads\/2021\/06\/Mucormicosis.jpg","jetpack_sharing_enabled":true,"_links":{"self":[{"href":"https:\/\/zonaroja.com.mx\/index.php?rest_route=\/wp\/v2\/posts\/28991","targetHints":{"allow":["GET"]}}],"collection":[{"href":"https:\/\/zonaroja.com.mx\/index.php?rest_route=\/wp\/v2\/posts"}],"about":[{"href":"https:\/\/zonaroja.com.mx\/index.php?rest_route=\/wp\/v2\/types\/post"}],"author":[{"embeddable":true,"href":"https:\/\/zonaroja.com.mx\/index.php?rest_route=\/wp\/v2\/users\/2"}],"replies":[{"embeddable":true,"href":"https:\/\/zonaroja.com.mx\/index.php?rest_route=%2Fwp%2Fv2%2Fcomments&post=28991"}],"version-history":[{"count":1,"href":"https:\/\/zonaroja.com.mx\/index.php?rest_route=\/wp\/v2\/posts\/28991\/revisions"}],"predecessor-version":[{"id":28993,"href":"https:\/\/zonaroja.com.mx\/index.php?rest_route=\/wp\/v2\/posts\/28991\/revisions\/28993"}],"wp:featuredmedia":[{"embeddable":true,"href":"https:\/\/zonaroja.com.mx\/index.php?rest_route=\/wp\/v2\/media\/28992"}],"wp:attachment":[{"href":"https:\/\/zonaroja.com.mx\/index.php?rest_route=%2Fwp%2Fv2%2Fmedia&parent=28991"}],"wp:term":[{"taxonomy":"category","embeddable":true,"href":"https:\/\/zonaroja.com.mx\/index.php?rest_route=%2Fwp%2Fv2%2Fcategories&post=28991"},{"taxonomy":"post_tag","embeddable":true,"href":"https:\/\/zonaroja.com.mx\/index.php?rest_route=%2Fwp%2Fv2%2Ftags&post=28991"}],"curies":[{"name":"wp","href":"https:\/\/api.w.org\/{rel}","templated":true}]}}