{"id":29000,"date":"2021-06-25T21:47:24","date_gmt":"2021-06-26T02:47:24","guid":{"rendered":"http:\/\/www.zonaroja.com.mx\/?p=29000"},"modified":"2021-06-25T21:47:27","modified_gmt":"2021-06-26T02:47:27","slug":"condena-la-union-europea-crimenes-de-periodistas-en-mexico","status":"publish","type":"post","link":"https:\/\/zonaroja.com.mx\/?p=29000","title":{"rendered":"Condena la Uni\u00f3n Europea cr\u00edmenes de periodistas en M\u00e9xico"},"content":{"rendered":"\n<p>Redacci\u00f3n\/Zona Roja Cdmx.<\/p>\n\n\n\n<p>Ciudad de M\u00e9xico, 25 de junio de 2021.- La Uni\u00f3n Europea (UE) conden\u00f3 el asesinato de tres periodistas, perpetrados en los recientes d\u00edas en M\u00e9xico. Expres\u00f3 tambi\u00e9n su preocupaci\u00f3n por la falta de resultados en las investigaciones.<\/p>\n\n\n\n<p>\u00abCondenamos los asesinatos de los periodistas Enrique Garc\u00eda Garc\u00eda, Gustavo S\u00e1nchez Cabrera y Sa\u00fal Tijerina Renter\u00eda, ocurridos en los d\u00edas 16, 17 y 22 de junio de 2021 en los estados de M\u00e9xico, Oaxaca y Coahuila, respectivamente\u00bb, se\u00f1al\u00f3.<\/p>\n\n\n\n<p>\u00abExpresamos nuestra preocupaci\u00f3n por la falta de resultados en las investigaciones abiertas para esclarecer casos anteriores de asesinatos de periodistas en M\u00e9xico\u00bb, abund\u00f3.<\/p>\n\n\n\n<p>Enrique Garc\u00eda Garc\u00eda laboraba en \u201cEl Sol de Toluca\u201d y encabezaba instancias de comunicaci\u00f3n de dependencias del gobierno; Gustavo S\u00e1nchez Cabrera era editor en el portal \u201cLa Policiaca del Istmo\u201d y era beneficiario del Mecanismo Federal de Protecci\u00f3n de Personas Defensoras.<\/p>\n\n\n\n<p>Mientras que Sa\u00fal Tijerina Renter\u00eda colaboraba con varios medios de Ciudad Acu\u00f1a, Coahuila.<\/p>\n\n\n\n<p>Los miembros de la Uni\u00f3n Europea, junto con Noruega y Suiza, advirtieron que no se ha comprobado el v\u00ednculo del crimen con la labor period\u00edstica de Garc\u00eda Garc\u00eda y Tijerina Renter\u00eda.<\/p>\n\n\n\n<p>Sin embargo, dijeron, sus muertes demuestran \u00abel preocupante grado de violencia e intimidaci\u00f3n al que se enfrentan los periodistas\u00bb.<\/p>\n\n\n\n<p>(Informaci\u00f3n del diario \u201cReforma\u201d)<\/p>\n","protected":false},"excerpt":{"rendered":"<p>Redacci\u00f3n\/Zona Roja Cdmx. Ciudad de M\u00e9xico, 25 de junio de 2021.- La Uni\u00f3n Europea (UE)&hellip;<\/p>\n","protected":false},"author":2,"featured_media":28685,"comment_status":"closed","ping_status":"open","sticky":false,"template":"","format":"standard","meta":{"_lmt_disableupdate":"","_lmt_disable":"","_jetpack_memberships_contains_paid_content":false,"footnotes":""},"categories":[109,47],"tags":[2749],"class_list":["post-29000","post","type-post","status-publish","format-standard","has-post-thumbnail","hentry","category-minuto-a-minuto","category-zona-gris","tag-gustavo-sanchez-cabrera-periodista"],"jetpack_featured_media_url":"https:\/\/zonaroja.com.mx\/wp-content\/uploads\/2021\/06\/Morro-Mazatan-periodista-2.jpg","jetpack_sharing_enabled":true,"_links":{"self":[{"href":"https:\/\/zonaroja.com.mx\/index.php?rest_route=\/wp\/v2\/posts\/29000","targetHints":{"allow":["GET"]}}],"collection":[{"href":"https:\/\/zonaroja.com.mx\/index.php?rest_route=\/wp\/v2\/posts"}],"about":[{"href":"https:\/\/zonaroja.com.mx\/index.php?rest_route=\/wp\/v2\/types\/post"}],"author":[{"embeddable":true,"href":"https:\/\/zonaroja.com.mx\/index.php?rest_route=\/wp\/v2\/users\/2"}],"replies":[{"embeddable":true,"href":"https:\/\/zonaroja.com.mx\/index.php?rest_route=%2Fwp%2Fv2%2Fcomments&post=29000"}],"version-history":[{"count":1,"href":"https:\/\/zonaroja.com.mx\/index.php?rest_route=\/wp\/v2\/posts\/29000\/revisions"}],"predecessor-version":[{"id":29001,"href":"https:\/\/zonaroja.com.mx\/index.php?rest_route=\/wp\/v2\/posts\/29000\/revisions\/29001"}],"wp:featuredmedia":[{"embeddable":true,"href":"https:\/\/zonaroja.com.mx\/index.php?rest_route=\/wp\/v2\/media\/28685"}],"wp:attachment":[{"href":"https:\/\/zonaroja.com.mx\/index.php?rest_route=%2Fwp%2Fv2%2Fmedia&parent=29000"}],"wp:term":[{"taxonomy":"category","embeddable":true,"href":"https:\/\/zonaroja.com.mx\/index.php?rest_route=%2Fwp%2Fv2%2Fcategories&post=29000"},{"taxonomy":"post_tag","embeddable":true,"href":"https:\/\/zonaroja.com.mx\/index.php?rest_route=%2Fwp%2Fv2%2Ftags&post=29000"}],"curies":[{"name":"wp","href":"https:\/\/api.w.org\/{rel}","templated":true}]}}